{"id":1,"date":"2023-11-28T14:22:58","date_gmt":"2023-11-28T13:22:58","guid":{"rendered":"http:\/\/lejournaldesandy.fr\/?p=1"},"modified":"2024-07-01T19:22:23","modified_gmt":"2024-07-01T17:22:23","slug":"bonjour-tout-le-monde","status":"publish","type":"post","link":"https:\/\/lejournaldesandy.fr\/?p=1","title":{"rendered":"Lecture \u00ab\u00a0Isabelle Yard\u00a0\u00bb Le chemin"},"content":{"rendered":"\n<p class=\"wp-block-paragraph\"><strong><em>Le chemin<\/em><\/strong><\/p>\n\n\n\n<p class=\"wp-block-paragraph\">Je souhaite partager avec vous mon livre du moment, un livre qui occupe une place particuli\u00e8re dans mon c\u0153ur. Il s&rsquo;agit de l&rsquo;\u0153uvre \u00e9crite par celle qui a partag\u00e9 ma vie pendant cinq ann\u00e9es, Isabelle (Yard). Elle fait partie de ces artistes m\u00e9connus qui, malheureusement, n&rsquo;ont pas connu la gloire ni le succ\u00e8s qu&rsquo;ils m\u00e9ritaient. Notre rencontre s&rsquo;est produite en 2015, lors d&rsquo;une cure dans les Pyr\u00e9n\u00e9es. Isabelle \u00e9tait une femme magnifique, \u00e9l\u00e9gante, humble, dot\u00e9e d&rsquo;une sensibilit\u00e9 et d&rsquo;un c\u0153ur exceptionnels. D\u00e8s les premiers jours, dans un esprit d&rsquo;ouverture, j&rsquo;ai partag\u00e9 avec elle ma transidentit\u00e9, et nous avons v\u00e9cu notre plus belle histoire de mani\u00e8re naturelle. Mon amour pour elle \u00e9tait inconditionnel, mais le destin en a d\u00e9cid\u00e9 autrement\u2026 En 2020, elle nous a quitt\u00e9s \u00e0 cause de sa maladie, et j&rsquo;ai mis pr\u00e8s de deux ans \u00e0 me remettre de cette perte.<\/p>\n\n\n\n<p class=\"wp-block-paragraph\">Pendant ces cinq ann\u00e9es, Isabelle a \u00e9crit ce livre, que je n&rsquo;avais pas eu le courage de lire jusqu&rsquo;\u00e0 pr\u00e9sent. Il nous transporte dans la vie romanc\u00e9e de Viviane ou !!! C&rsquo;est un roman, peut-\u00eatre m\u00eame une histoire vraie, \u00e9crit avec une perfection litt\u00e9raire, utilisant des mots dont on avait presque oubli\u00e9 l&rsquo;existence. \u00c0 travers cette lecture, j&rsquo;ai la chance de retrouver sa voix dans ma m\u00e9moire et de revivre certaines anecdotes que nous avons partag\u00e9es. Pour moi, c&rsquo;est un voyage dans le temps qui me rapproche d&rsquo;elle. Je ressens le besoin de lui rendre hommage, d&rsquo;honorer le rayon de soleil qu&rsquo;elle a \u00e9t\u00e9 pour moi, car sans elle, je n&rsquo;aurais certainement jamais atteint le point o\u00f9 je suis aujourd&rsquo;hui.<\/p>\n\n\n\n<figure class=\"wp-block-image size-large is-resized\"><img data-recalc-dims=\"1\" loading=\"lazy\" decoding=\"async\" width=\"610\" height=\"1024\" src=\"https:\/\/i0.wp.com\/lejournaldesandy.fr\/wp-content\/uploads\/2024\/02\/1707829271724.jpg?resize=610%2C1024&#038;ssl=1\" alt=\"Isabelle Yard\" class=\"wp-image-926\" style=\"width:840px;height:auto\" srcset=\"https:\/\/i0.wp.com\/lejournaldesandy.fr\/wp-content\/uploads\/2024\/02\/1707829271724.jpg?resize=610%2C1024&amp;ssl=1 610w, https:\/\/i0.wp.com\/lejournaldesandy.fr\/wp-content\/uploads\/2024\/02\/1707829271724.jpg?resize=179%2C300&amp;ssl=1 179w, https:\/\/i0.wp.com\/lejournaldesandy.fr\/wp-content\/uploads\/2024\/02\/1707829271724.jpg?resize=768%2C1288&amp;ssl=1 768w, https:\/\/i0.wp.com\/lejournaldesandy.fr\/wp-content\/uploads\/2024\/02\/1707829271724.jpg?resize=916%2C1536&amp;ssl=1 916w, https:\/\/i0.wp.com\/lejournaldesandy.fr\/wp-content\/uploads\/2024\/02\/1707829271724.jpg?w=1063&amp;ssl=1 1063w\" sizes=\"auto, (max-width: 610px) 100vw, 610px\" \/><\/figure>\n\n\n\n<p class=\"wp-block-paragraph\">A toujours dans mes pens\u00e9es !!! \ud83d\udc95\ud83d\udc95\ud83d\udc95<\/p>\n\n\n<div class=\"wpforms-container wpforms-container-full wpforms-block wpforms-block-399fae89-1d32-4eac-9f63-9a5268755947 wpforms-render-modern\" id=\"wpforms-1680\"><form id=\"wpforms-form-1680\" class=\"wpforms-validate wpforms-form wpforms-ajax-form\" data-formid=\"1680\" method=\"post\" enctype=\"multipart\/form-data\" action=\"\/index.php?rest_route=%2Fwp%2Fv2%2Fposts%2F1\" data-token=\"e67ff2a1474d1f9e45ed005ff24155cd\" data-token-time=\"1777309795\"><noscript class=\"wpforms-error-noscript\">Veuillez activer JavaScript dans votre navigateur pour remplir ce formulaire.<\/noscript><div id=\"wpforms-error-noscript\" style=\"display: none;\">Veuillez activer JavaScript dans votre navigateur pour remplir ce formulaire.<\/div><div class=\"wpforms-field-container\"><div id=\"wpforms-1680-field_0-container\" class=\"wpforms-field wpforms-field-name body font-family comic sans ms\" data-field-id=\"0\"><fieldset><legend class=\"wpforms-field-label\">Pr\u00e9nom et nom<\/legend><div class=\"wpforms-field-row wpforms-field-medium\"><div class=\"wpforms-field-row-block wpforms-first wpforms-one-half\"><input type=\"text\" id=\"wpforms-1680-field_0\" class=\"wpforms-field-name-first\" name=\"wpforms[fields][0][first]\" aria-errormessage=\"wpforms-1680-field_0-error\" ><label for=\"wpforms-1680-field_0\" class=\"wpforms-field-sublabel after\">Pr\u00e9nom<\/label><\/div><div class=\"wpforms-field-row-block wpforms-one-half\"><input type=\"text\" id=\"wpforms-1680-field_0-last\" class=\"wpforms-field-name-last\" name=\"wpforms[fields][0][last]\" aria-errormessage=\"wpforms-1680-field_0-last-error\" ><label for=\"wpforms-1680-field_0-last\" class=\"wpforms-field-sublabel after\">Nom<\/label><\/div><\/div><\/fieldset><\/div><div id=\"wpforms-1680-field_4-container\" class=\"wpforms-field wpforms-field-text\" data-field-id=\"4\"><label class=\"wpforms-field-label\" for=\"wpforms-1680-field_4\">Pseudo<\/label><input type=\"text\" id=\"wpforms-1680-field_4\" class=\"wpforms-field-medium\" name=\"wpforms[fields][4]\" aria-errormessage=\"wpforms-1680-field_4-error\" ><\/div><div id=\"wpforms-1680-field_1-container\" class=\"wpforms-field wpforms-field-email body font-family comic sans ms\" data-field-id=\"1\"><label class=\"wpforms-field-label\" for=\"wpforms-1680-field_1\">Email <span class=\"wpforms-required-label\" aria-hidden=\"true\">*<\/span><\/label><input type=\"email\" id=\"wpforms-1680-field_1\" class=\"wpforms-field-medium wpforms-field-required\" name=\"wpforms[fields][1]\" spellcheck=\"false\" aria-errormessage=\"wpforms-1680-field_1-error\" required><\/div><div id=\"wpforms-1680-field_2-container\" class=\"wpforms-field wpforms-field-textarea body font-family comic sans ms\" data-field-id=\"2\"><label class=\"wpforms-field-label\" for=\"wpforms-1680-field_2\">Commentaire ou Message <span class=\"wpforms-required-label\" aria-hidden=\"true\">*<\/span><\/label><textarea id=\"wpforms-1680-field_2\" class=\"wpforms-field-medium wpforms-field-required\" name=\"wpforms[fields][2]\" aria-errormessage=\"wpforms-1680-field_2-error\" required><\/textarea><\/div><\/div><!-- .wpforms-field-container --><div class=\"wpforms-submit-container\" ><input type=\"hidden\" name=\"wpforms[id]\" value=\"1680\"><input type=\"hidden\" name=\"page_title\" value=\"\"><input type=\"hidden\" name=\"page_url\" value=\"https:\/\/lejournaldesandy.fr\/index.php?rest_route=\/wp\/v2\/posts\/1\"><input type=\"hidden\" name=\"url_referer\" value=\"\"><button type=\"submit\" name=\"wpforms[submit]\" id=\"wpforms-submit-1680\" class=\"wpforms-submit\" data-alt-text=\"Sending...\" data-submit-text=\"envoyer\" aria-live=\"assertive\" value=\"wpforms-submit\">envoyer<\/button><img loading=\"lazy\" decoding=\"async\" src=\"https:\/\/lejournaldesandy.fr\/wp-content\/plugins\/wpforms-lite\/assets\/images\/submit-spin.svg\" class=\"wpforms-submit-spinner\" style=\"display: none;\" width=\"26\" height=\"26\" alt=\"Chargement en cours\"><\/div><\/form><\/div>  <!-- .wpforms-container -->","protected":false},"excerpt":{"rendered":"<p>Le chemin Je souhaite partager avec vous mon livre du moment, un livre qui occupe une place particuli\u00e8re dans mon c\u0153ur. Il s&rsquo;agit de l&rsquo;\u0153uvre \u00e9crite par celle qui a partag\u00e9 ma vie pendant cinq ann\u00e9es, Isabelle (Yard). Elle fait partie de ces artistes m\u00e9connus qui, malheureusement, n&rsquo;ont pas connu la gloire ni le succ\u00e8s&hellip; <br \/> <a class=\"read-more\" href=\"https:\/\/lejournaldesandy.fr\/?p=1\">Lire la suite<\/a><\/p>\n","protected":false},"author":1,"featured_media":923,"comment_status":"closed","ping_status":"closed","sticky":false,"template":"","format":"standard","meta":{"_crdt_document":"","_jetpack_memberships_contains_paid_content":false,"footnotes":""},"categories":[17],"tags":[],"class_list":["post-1","post","type-post","status-publish","format-standard","has-post-thumbnail","hentry","category-articles"],"yoast_head":"<!-- This site is optimized with the Yoast SEO plugin v27.4 - https:\/\/yoast.com\/product\/yoast-seo-wordpress\/ -->\n<title>Lecture &quot;Isabelle Yard&quot; Le chemin le journal de Sandy<\/title>\n<meta name=\"description\" content=\"Le chemin d&#039;Isabelle Yard. Un romand fiction qui va mettre en avant l&#039;histoire de Viviane, une histoire peu ordinaire mais original. A lire.\" \/>\n<meta name=\"robots\" content=\"index, follow, max-snippet:-1, max-image-preview:large, max-video-preview:-1\" \/>\n<link rel=\"canonical\" href=\"https:\/\/lejournaldesandy.fr\/?p=1\" \/>\n<meta property=\"og:locale\" content=\"fr_FR\" \/>\n<meta property=\"og:type\" content=\"article\" \/>\n<meta property=\"og:title\" content=\"Lecture &quot;Isabelle Yard&quot; Le chemin le journal de Sandy\" \/>\n<meta property=\"og:description\" content=\"Le chemin d&#039;Isabelle Yard. Un romand fiction qui va mettre en avant l&#039;histoire de Viviane, une histoire peu ordinaire mais original. A lire.\" \/>\n<meta property=\"og:url\" content=\"https:\/\/lejournaldesandy.fr\/?p=1\" \/>\n<meta property=\"og:site_name\" content=\"le journal de Sandy\" \/>\n<meta property=\"article:published_time\" content=\"2023-11-28T13:22:58+00:00\" \/>\n<meta property=\"article:modified_time\" content=\"2024-07-01T17:22:23+00:00\" \/>\n<meta property=\"og:image\" content=\"https:\/\/lejournaldesandy.fr\/wp-content\/uploads\/2024\/02\/71HtASAaIYL._AC_UF10001000_QL80_.jpg\" \/>\n\t<meta property=\"og:image:width\" content=\"705\" \/>\n\t<meta property=\"og:image:height\" content=\"1000\" \/>\n\t<meta property=\"og:image:type\" content=\"image\/jpeg\" \/>\n<meta name=\"author\" content=\"Sandy\" \/>\n<meta name=\"twitter:card\" content=\"summary_large_image\" \/>\n<meta name=\"twitter:label1\" content=\"\u00c9crit par\" \/>\n\t<meta name=\"twitter:data1\" content=\"Sandy\" \/>\n\t<meta name=\"twitter:label2\" content=\"Dur\u00e9e de lecture estim\u00e9e\" \/>\n\t<meta name=\"twitter:data2\" content=\"2 minutes\" \/>\n<script type=\"application\/ld+json\" class=\"yoast-schema-graph\">{\"@context\":\"https:\\\/\\\/schema.org\",\"@graph\":[{\"@type\":\"Article\",\"@id\":\"https:\\\/\\\/lejournaldesandy.fr\\\/?p=1#article\",\"isPartOf\":{\"@id\":\"https:\\\/\\\/lejournaldesandy.fr\\\/?p=1\"},\"author\":{\"name\":\"Sandy\",\"@id\":\"https:\\\/\\\/lejournaldesandy.fr\\\/#\\\/schema\\\/person\\\/3ac659e98587e504c234a67a929b1c43\"},\"headline\":\"Lecture \u00ab\u00a0Isabelle Yard\u00a0\u00bb Le chemin\",\"datePublished\":\"2023-11-28T13:22:58+00:00\",\"dateModified\":\"2024-07-01T17:22:23+00:00\",\"mainEntityOfPage\":{\"@id\":\"https:\\\/\\\/lejournaldesandy.fr\\\/?p=1\"},\"wordCount\":316,\"publisher\":{\"@id\":\"https:\\\/\\\/lejournaldesandy.fr\\\/#\\\/schema\\\/person\\\/3ac659e98587e504c234a67a929b1c43\"},\"image\":{\"@id\":\"https:\\\/\\\/lejournaldesandy.fr\\\/?p=1#primaryimage\"},\"thumbnailUrl\":\"https:\\\/\\\/i0.wp.com\\\/lejournaldesandy.fr\\\/wp-content\\\/uploads\\\/2024\\\/02\\\/71HtASAaIYL._AC_UF10001000_QL80_.jpg?fit=705%2C1000&ssl=1\",\"articleSection\":[\"Articles\"],\"inLanguage\":\"fr-FR\"},{\"@type\":\"WebPage\",\"@id\":\"https:\\\/\\\/lejournaldesandy.fr\\\/?p=1\",\"url\":\"https:\\\/\\\/lejournaldesandy.fr\\\/?p=1\",\"name\":\"Lecture \\\"Isabelle Yard\\\" Le chemin le journal de Sandy\",\"isPartOf\":{\"@id\":\"https:\\\/\\\/lejournaldesandy.fr\\\/#website\"},\"primaryImageOfPage\":{\"@id\":\"https:\\\/\\\/lejournaldesandy.fr\\\/?p=1#primaryimage\"},\"image\":{\"@id\":\"https:\\\/\\\/lejournaldesandy.fr\\\/?p=1#primaryimage\"},\"thumbnailUrl\":\"https:\\\/\\\/i0.wp.com\\\/lejournaldesandy.fr\\\/wp-content\\\/uploads\\\/2024\\\/02\\\/71HtASAaIYL._AC_UF10001000_QL80_.jpg?fit=705%2C1000&ssl=1\",\"datePublished\":\"2023-11-28T13:22:58+00:00\",\"dateModified\":\"2024-07-01T17:22:23+00:00\",\"description\":\"Le chemin d'Isabelle Yard. Un romand fiction qui va mettre en avant l'histoire de Viviane, une histoire peu ordinaire mais original. A lire.\",\"breadcrumb\":{\"@id\":\"https:\\\/\\\/lejournaldesandy.fr\\\/?p=1#breadcrumb\"},\"inLanguage\":\"fr-FR\",\"potentialAction\":[{\"@type\":\"ReadAction\",\"target\":[\"https:\\\/\\\/lejournaldesandy.fr\\\/?p=1\"]}]},{\"@type\":\"ImageObject\",\"inLanguage\":\"fr-FR\",\"@id\":\"https:\\\/\\\/lejournaldesandy.fr\\\/?p=1#primaryimage\",\"url\":\"https:\\\/\\\/i0.wp.com\\\/lejournaldesandy.fr\\\/wp-content\\\/uploads\\\/2024\\\/02\\\/71HtASAaIYL._AC_UF10001000_QL80_.jpg?fit=705%2C1000&ssl=1\",\"contentUrl\":\"https:\\\/\\\/i0.wp.com\\\/lejournaldesandy.fr\\\/wp-content\\\/uploads\\\/2024\\\/02\\\/71HtASAaIYL._AC_UF10001000_QL80_.jpg?fit=705%2C1000&ssl=1\",\"width\":705,\"height\":1000},{\"@type\":\"BreadcrumbList\",\"@id\":\"https:\\\/\\\/lejournaldesandy.fr\\\/?p=1#breadcrumb\",\"itemListElement\":[{\"@type\":\"ListItem\",\"position\":1,\"name\":\"Accueil\",\"item\":\"https:\\\/\\\/lejournaldesandy.fr\\\/\"},{\"@type\":\"ListItem\",\"position\":2,\"name\":\"Lecture \u00ab\u00a0Isabelle Yard\u00a0\u00bb Le chemin\"}]},{\"@type\":\"WebSite\",\"@id\":\"https:\\\/\\\/lejournaldesandy.fr\\\/#website\",\"url\":\"https:\\\/\\\/lejournaldesandy.fr\\\/\",\"name\":\"le journal de Sandy\",\"description\":\"biographie; transition; MtF\",\"publisher\":{\"@id\":\"https:\\\/\\\/lejournaldesandy.fr\\\/#\\\/schema\\\/person\\\/3ac659e98587e504c234a67a929b1c43\"},\"potentialAction\":[{\"@type\":\"SearchAction\",\"target\":{\"@type\":\"EntryPoint\",\"urlTemplate\":\"https:\\\/\\\/lejournaldesandy.fr\\\/?s={search_term_string}\"},\"query-input\":{\"@type\":\"PropertyValueSpecification\",\"valueRequired\":true,\"valueName\":\"search_term_string\"}}],\"inLanguage\":\"fr-FR\"},{\"@type\":[\"Person\",\"Organization\"],\"@id\":\"https:\\\/\\\/lejournaldesandy.fr\\\/#\\\/schema\\\/person\\\/3ac659e98587e504c234a67a929b1c43\",\"name\":\"Sandy\",\"image\":{\"@type\":\"ImageObject\",\"inLanguage\":\"fr-FR\",\"@id\":\"https:\\\/\\\/i0.wp.com\\\/lejournaldesandy.fr\\\/wp-content\\\/uploads\\\/2023\\\/12\\\/cropped-Logo-2048-Copie-Petite-Icone-site.png?fit=512%2C512&ssl=1\",\"url\":\"https:\\\/\\\/i0.wp.com\\\/lejournaldesandy.fr\\\/wp-content\\\/uploads\\\/2023\\\/12\\\/cropped-Logo-2048-Copie-Petite-Icone-site.png?fit=512%2C512&ssl=1\",\"contentUrl\":\"https:\\\/\\\/i0.wp.com\\\/lejournaldesandy.fr\\\/wp-content\\\/uploads\\\/2023\\\/12\\\/cropped-Logo-2048-Copie-Petite-Icone-site.png?fit=512%2C512&ssl=1\",\"width\":512,\"height\":512,\"caption\":\"Sandy\"},\"logo\":{\"@id\":\"https:\\\/\\\/i0.wp.com\\\/lejournaldesandy.fr\\\/wp-content\\\/uploads\\\/2023\\\/12\\\/cropped-Logo-2048-Copie-Petite-Icone-site.png?fit=512%2C512&ssl=1\"},\"sameAs\":[\"http:\\\/\\\/lejournaldesandy.fr\"],\"url\":\"https:\\\/\\\/lejournaldesandy.fr\\\/?author=1\"}]}<\/script>\n<!-- \/ Yoast SEO plugin. -->","yoast_head_json":{"title":"Lecture \"Isabelle Yard\" Le chemin le journal de Sandy","description":"Le chemin d'Isabelle Yard. Un romand fiction qui va mettre en avant l'histoire de Viviane, une histoire peu ordinaire mais original. A lire.","robots":{"index":"index","follow":"follow","max-snippet":"max-snippet:-1","max-image-preview":"max-image-preview:large","max-video-preview":"max-video-preview:-1"},"canonical":"https:\/\/lejournaldesandy.fr\/?p=1","og_locale":"fr_FR","og_type":"article","og_title":"Lecture \"Isabelle Yard\" Le chemin le journal de Sandy","og_description":"Le chemin d'Isabelle Yard. Un romand fiction qui va mettre en avant l'histoire de Viviane, une histoire peu ordinaire mais original. A lire.","og_url":"https:\/\/lejournaldesandy.fr\/?p=1","og_site_name":"le journal de Sandy","article_published_time":"2023-11-28T13:22:58+00:00","article_modified_time":"2024-07-01T17:22:23+00:00","og_image":[{"width":705,"height":1000,"url":"https:\/\/lejournaldesandy.fr\/wp-content\/uploads\/2024\/02\/71HtASAaIYL._AC_UF10001000_QL80_.jpg","type":"image\/jpeg"}],"author":"Sandy","twitter_card":"summary_large_image","twitter_misc":{"\u00c9crit par":"Sandy","Dur\u00e9e de lecture estim\u00e9e":"2 minutes"},"schema":{"@context":"https:\/\/schema.org","@graph":[{"@type":"Article","@id":"https:\/\/lejournaldesandy.fr\/?p=1#article","isPartOf":{"@id":"https:\/\/lejournaldesandy.fr\/?p=1"},"author":{"name":"Sandy","@id":"https:\/\/lejournaldesandy.fr\/#\/schema\/person\/3ac659e98587e504c234a67a929b1c43"},"headline":"Lecture \u00ab\u00a0Isabelle Yard\u00a0\u00bb Le chemin","datePublished":"2023-11-28T13:22:58+00:00","dateModified":"2024-07-01T17:22:23+00:00","mainEntityOfPage":{"@id":"https:\/\/lejournaldesandy.fr\/?p=1"},"wordCount":316,"publisher":{"@id":"https:\/\/lejournaldesandy.fr\/#\/schema\/person\/3ac659e98587e504c234a67a929b1c43"},"image":{"@id":"https:\/\/lejournaldesandy.fr\/?p=1#primaryimage"},"thumbnailUrl":"https:\/\/i0.wp.com\/lejournaldesandy.fr\/wp-content\/uploads\/2024\/02\/71HtASAaIYL._AC_UF10001000_QL80_.jpg?fit=705%2C1000&ssl=1","articleSection":["Articles"],"inLanguage":"fr-FR"},{"@type":"WebPage","@id":"https:\/\/lejournaldesandy.fr\/?p=1","url":"https:\/\/lejournaldesandy.fr\/?p=1","name":"Lecture \"Isabelle Yard\" Le chemin le journal de Sandy","isPartOf":{"@id":"https:\/\/lejournaldesandy.fr\/#website"},"primaryImageOfPage":{"@id":"https:\/\/lejournaldesandy.fr\/?p=1#primaryimage"},"image":{"@id":"https:\/\/lejournaldesandy.fr\/?p=1#primaryimage"},"thumbnailUrl":"https:\/\/i0.wp.com\/lejournaldesandy.fr\/wp-content\/uploads\/2024\/02\/71HtASAaIYL._AC_UF10001000_QL80_.jpg?fit=705%2C1000&ssl=1","datePublished":"2023-11-28T13:22:58+00:00","dateModified":"2024-07-01T17:22:23+00:00","description":"Le chemin d'Isabelle Yard. Un romand fiction qui va mettre en avant l'histoire de Viviane, une histoire peu ordinaire mais original. A lire.","breadcrumb":{"@id":"https:\/\/lejournaldesandy.fr\/?p=1#breadcrumb"},"inLanguage":"fr-FR","potentialAction":[{"@type":"ReadAction","target":["https:\/\/lejournaldesandy.fr\/?p=1"]}]},{"@type":"ImageObject","inLanguage":"fr-FR","@id":"https:\/\/lejournaldesandy.fr\/?p=1#primaryimage","url":"https:\/\/i0.wp.com\/lejournaldesandy.fr\/wp-content\/uploads\/2024\/02\/71HtASAaIYL._AC_UF10001000_QL80_.jpg?fit=705%2C1000&ssl=1","contentUrl":"https:\/\/i0.wp.com\/lejournaldesandy.fr\/wp-content\/uploads\/2024\/02\/71HtASAaIYL._AC_UF10001000_QL80_.jpg?fit=705%2C1000&ssl=1","width":705,"height":1000},{"@type":"BreadcrumbList","@id":"https:\/\/lejournaldesandy.fr\/?p=1#breadcrumb","itemListElement":[{"@type":"ListItem","position":1,"name":"Accueil","item":"https:\/\/lejournaldesandy.fr\/"},{"@type":"ListItem","position":2,"name":"Lecture \u00ab\u00a0Isabelle Yard\u00a0\u00bb Le chemin"}]},{"@type":"WebSite","@id":"https:\/\/lejournaldesandy.fr\/#website","url":"https:\/\/lejournaldesandy.fr\/","name":"le journal de Sandy","description":"biographie; transition; MtF","publisher":{"@id":"https:\/\/lejournaldesandy.fr\/#\/schema\/person\/3ac659e98587e504c234a67a929b1c43"},"potentialAction":[{"@type":"SearchAction","target":{"@type":"EntryPoint","urlTemplate":"https:\/\/lejournaldesandy.fr\/?s={search_term_string}"},"query-input":{"@type":"PropertyValueSpecification","valueRequired":true,"valueName":"search_term_string"}}],"inLanguage":"fr-FR"},{"@type":["Person","Organization"],"@id":"https:\/\/lejournaldesandy.fr\/#\/schema\/person\/3ac659e98587e504c234a67a929b1c43","name":"Sandy","image":{"@type":"ImageObject","inLanguage":"fr-FR","@id":"https:\/\/i0.wp.com\/lejournaldesandy.fr\/wp-content\/uploads\/2023\/12\/cropped-Logo-2048-Copie-Petite-Icone-site.png?fit=512%2C512&ssl=1","url":"https:\/\/i0.wp.com\/lejournaldesandy.fr\/wp-content\/uploads\/2023\/12\/cropped-Logo-2048-Copie-Petite-Icone-site.png?fit=512%2C512&ssl=1","contentUrl":"https:\/\/i0.wp.com\/lejournaldesandy.fr\/wp-content\/uploads\/2023\/12\/cropped-Logo-2048-Copie-Petite-Icone-site.png?fit=512%2C512&ssl=1","width":512,"height":512,"caption":"Sandy"},"logo":{"@id":"https:\/\/i0.wp.com\/lejournaldesandy.fr\/wp-content\/uploads\/2023\/12\/cropped-Logo-2048-Copie-Petite-Icone-site.png?fit=512%2C512&ssl=1"},"sameAs":["http:\/\/lejournaldesandy.fr"],"url":"https:\/\/lejournaldesandy.fr\/?author=1"}]}},"jetpack_featured_media_url":"https:\/\/i0.wp.com\/lejournaldesandy.fr\/wp-content\/uploads\/2024\/02\/71HtASAaIYL._AC_UF10001000_QL80_.jpg?fit=705%2C1000&ssl=1","jetpack_sharing_enabled":true,"jetpack_likes_enabled":true,"_links":{"self":[{"href":"https:\/\/lejournaldesandy.fr\/index.php?rest_route=\/wp\/v2\/posts\/1","targetHints":{"allow":["GET"]}}],"collection":[{"href":"https:\/\/lejournaldesandy.fr\/index.php?rest_route=\/wp\/v2\/posts"}],"about":[{"href":"https:\/\/lejournaldesandy.fr\/index.php?rest_route=\/wp\/v2\/types\/post"}],"author":[{"embeddable":true,"href":"https:\/\/lejournaldesandy.fr\/index.php?rest_route=\/wp\/v2\/users\/1"}],"replies":[{"embeddable":true,"href":"https:\/\/lejournaldesandy.fr\/index.php?rest_route=%2Fwp%2Fv2%2Fcomments&post=1"}],"version-history":[{"count":19,"href":"https:\/\/lejournaldesandy.fr\/index.php?rest_route=\/wp\/v2\/posts\/1\/revisions"}],"predecessor-version":[{"id":2506,"href":"https:\/\/lejournaldesandy.fr\/index.php?rest_route=\/wp\/v2\/posts\/1\/revisions\/2506"}],"wp:featuredmedia":[{"embeddable":true,"href":"https:\/\/lejournaldesandy.fr\/index.php?rest_route=\/wp\/v2\/media\/923"}],"wp:attachment":[{"href":"https:\/\/lejournaldesandy.fr\/index.php?rest_route=%2Fwp%2Fv2%2Fmedia&parent=1"}],"wp:term":[{"taxonomy":"category","embeddable":true,"href":"https:\/\/lejournaldesandy.fr\/index.php?rest_route=%2Fwp%2Fv2%2Fcategories&post=1"},{"taxonomy":"post_tag","embeddable":true,"href":"https:\/\/lejournaldesandy.fr\/index.php?rest_route=%2Fwp%2Fv2%2Ftags&post=1"}],"curies":[{"name":"wp","href":"https:\/\/api.w.org\/{rel}","templated":true}]}}