{"id":2424,"date":"2024-04-19T15:03:58","date_gmt":"2024-04-19T13:03:58","guid":{"rendered":"https:\/\/lejournaldesandy.fr\/?p=2424"},"modified":"2024-07-25T21:48:25","modified_gmt":"2024-07-25T19:48:25","slug":"lecture-the-black-flaningo","status":"publish","type":"post","link":"https:\/\/lejournaldesandy.fr\/?p=2424","title":{"rendered":"Lecture \u00ab\u00a0The black flaningo\u00a0\u00bb"},"content":{"rendered":"\n<p class=\"wp-block-paragraph\">\u00ab\u00a0The Black Flamingo\u00a0\u00bb est une autobiographie captivante qui raconte l&rsquo;histoire de mike, une personne noire ouvertement gay, depuis sa petite enfance jusqu&rsquo;\u00e0 son parcours \u00e0 l&rsquo;universit\u00e9. Ce r\u00e9cit poignant et \u00e9mouvant d\u00e9peint les d\u00e9fis, les moments de d\u00e9couverte et les triomphes d&rsquo;une vie v\u00e9cue avec authenticit\u00e9 et audace. Plongez dans cette histoire inspirante qui explore les th\u00e8mes universels de l&rsquo;identit\u00e9, de l&rsquo;acceptation de soi et de la recherche de sa place dans le monde. Une lecture qui vous touchera en plein c\u0153ur et vous fera r\u00e9fl\u00e9chir sur l&rsquo;importance de l&rsquo;amour, de la diversit\u00e9 et de la fiert\u00e9.<\/p>\n\n\n<div class=\"wpforms-container wpforms-container-full wpforms-block wpforms-block-6d4a2c5e-a73b-4ec6-91de-2ad58763d8b3 wpforms-render-modern\" id=\"wpforms-1680\"><form id=\"wpforms-form-1680\" class=\"wpforms-validate wpforms-form wpforms-ajax-form\" data-formid=\"1680\" method=\"post\" enctype=\"multipart\/form-data\" action=\"\/index.php?rest_route=%2Fwp%2Fv2%2Fposts%2F2424\" data-token=\"e67ff2a1474d1f9e45ed005ff24155cd\" data-token-time=\"1777314226\"><noscript class=\"wpforms-error-noscript\">Veuillez activer JavaScript dans votre navigateur pour remplir ce formulaire.<\/noscript><div id=\"wpforms-error-noscript\" style=\"display: none;\">Veuillez activer JavaScript dans votre navigateur pour remplir ce formulaire.<\/div><div class=\"wpforms-field-container\"><div id=\"wpforms-1680-field_0-container\" class=\"wpforms-field wpforms-field-name body font-family comic sans ms\" data-field-id=\"0\"><fieldset><legend class=\"wpforms-field-label\">Pr\u00e9nom et nom<\/legend><div class=\"wpforms-field-row wpforms-field-medium\"><div class=\"wpforms-field-row-block wpforms-first wpforms-one-half\"><input type=\"text\" id=\"wpforms-1680-field_0\" class=\"wpforms-field-name-first\" name=\"wpforms[fields][0][first]\" aria-errormessage=\"wpforms-1680-field_0-error\" ><label for=\"wpforms-1680-field_0\" class=\"wpforms-field-sublabel after\">Pr\u00e9nom<\/label><\/div><div class=\"wpforms-field-row-block wpforms-one-half\"><input type=\"text\" id=\"wpforms-1680-field_0-last\" class=\"wpforms-field-name-last\" name=\"wpforms[fields][0][last]\" aria-errormessage=\"wpforms-1680-field_0-last-error\" ><label for=\"wpforms-1680-field_0-last\" class=\"wpforms-field-sublabel after\">Nom<\/label><\/div><\/div><\/fieldset><\/div><div id=\"wpforms-1680-field_4-container\" class=\"wpforms-field wpforms-field-text\" data-field-id=\"4\"><label class=\"wpforms-field-label\" for=\"wpforms-1680-field_4\">Pseudo<\/label><input type=\"text\" id=\"wpforms-1680-field_4\" class=\"wpforms-field-medium\" name=\"wpforms[fields][4]\" aria-errormessage=\"wpforms-1680-field_4-error\" ><\/div><div id=\"wpforms-1680-field_1-container\" class=\"wpforms-field wpforms-field-email body font-family comic sans ms\" data-field-id=\"1\"><label class=\"wpforms-field-label\" for=\"wpforms-1680-field_1\">Email <span class=\"wpforms-required-label\" aria-hidden=\"true\">*<\/span><\/label><input type=\"email\" id=\"wpforms-1680-field_1\" class=\"wpforms-field-medium wpforms-field-required\" name=\"wpforms[fields][1]\" spellcheck=\"false\" aria-errormessage=\"wpforms-1680-field_1-error\" required><\/div><div id=\"wpforms-1680-field_2-container\" class=\"wpforms-field wpforms-field-textarea body font-family comic sans ms\" data-field-id=\"2\"><label class=\"wpforms-field-label\" for=\"wpforms-1680-field_2\">Commentaire ou Message <span class=\"wpforms-required-label\" aria-hidden=\"true\">*<\/span><\/label><textarea id=\"wpforms-1680-field_2\" class=\"wpforms-field-medium wpforms-field-required\" name=\"wpforms[fields][2]\" aria-errormessage=\"wpforms-1680-field_2-error\" required><\/textarea><\/div><\/div><!-- .wpforms-field-container --><div class=\"wpforms-submit-container\" ><input type=\"hidden\" name=\"wpforms[id]\" value=\"1680\"><input type=\"hidden\" name=\"page_title\" value=\"\"><input type=\"hidden\" name=\"page_url\" value=\"https:\/\/lejournaldesandy.fr\/index.php?rest_route=\/wp\/v2\/posts\/2424\"><input type=\"hidden\" name=\"url_referer\" value=\"\"><button type=\"submit\" name=\"wpforms[submit]\" id=\"wpforms-submit-1680\" class=\"wpforms-submit\" data-alt-text=\"Sending...\" data-submit-text=\"envoyer\" aria-live=\"assertive\" value=\"wpforms-submit\">envoyer<\/button><img loading=\"lazy\" decoding=\"async\" src=\"https:\/\/lejournaldesandy.fr\/wp-content\/plugins\/wpforms-lite\/assets\/images\/submit-spin.svg\" class=\"wpforms-submit-spinner\" style=\"display: none;\" width=\"26\" height=\"26\" alt=\"Chargement en cours\"><\/div><\/form><\/div>  <!-- .wpforms-container -->","protected":false},"excerpt":{"rendered":"<p>\u00ab\u00a0The Black Flamingo\u00a0\u00bb est une autobiographie captivante qui raconte l&rsquo;histoire de mike, une personne noire ouvertement gay, depuis sa petite enfance jusqu&rsquo;\u00e0 son parcours \u00e0 l&rsquo;universit\u00e9. Ce r\u00e9cit poignant et \u00e9mouvant d\u00e9peint les d\u00e9fis, les moments de d\u00e9couverte et les triomphes d&rsquo;une vie v\u00e9cue avec authenticit\u00e9 et audace. Plongez dans cette histoire inspirante qui explore&hellip; <br \/> <a class=\"read-more\" href=\"https:\/\/lejournaldesandy.fr\/?p=2424\">Lire la suite<\/a><\/p>\n","protected":false},"author":1,"featured_media":2422,"comment_status":"closed","ping_status":"closed","sticky":false,"template":"","format":"standard","meta":{"_crdt_document":"","_jetpack_memberships_contains_paid_content":false,"footnotes":""},"categories":[17],"tags":[],"class_list":["post-2424","post","type-post","status-publish","format-standard","has-post-thumbnail","hentry","category-articles"],"yoast_head":"<!-- This site is optimized with the Yoast SEO plugin v27.4 - https:\/\/yoast.com\/product\/yoast-seo-wordpress\/ -->\n<title>Lecture &quot;The black flaningo&quot; le journal de Sandy<\/title>\n<meta name=\"description\" content=\"The Black Flamingo&quot; est une autobiographie captivante qui raconte l&#039;histoire de mike, une personne noire ouvertement gay.\" \/>\n<meta name=\"robots\" content=\"index, follow, max-snippet:-1, max-image-preview:large, max-video-preview:-1\" \/>\n<link rel=\"canonical\" href=\"https:\/\/lejournaldesandy.fr\/?p=2424\" \/>\n<meta property=\"og:locale\" content=\"fr_FR\" \/>\n<meta property=\"og:type\" content=\"article\" \/>\n<meta property=\"og:title\" content=\"Lecture &quot;The black flaningo&quot; le journal de Sandy\" \/>\n<meta property=\"og:description\" content=\"The Black Flamingo&quot; est une autobiographie captivante qui raconte l&#039;histoire de mike, une personne noire ouvertement gay.\" \/>\n<meta property=\"og:url\" content=\"https:\/\/lejournaldesandy.fr\/?p=2424\" \/>\n<meta property=\"og:site_name\" content=\"le journal de Sandy\" \/>\n<meta property=\"article:published_time\" content=\"2024-04-19T13:03:58+00:00\" \/>\n<meta property=\"article:modified_time\" content=\"2024-07-25T19:48:25+00:00\" \/>\n<meta property=\"og:image\" content=\"https:\/\/lejournaldesandy.fr\/wp-content\/uploads\/2024\/04\/913-wFPdheL._AC_UF10001000_QL80_.jpg\" \/>\n\t<meta property=\"og:image:width\" content=\"725\" \/>\n\t<meta property=\"og:image:height\" content=\"1000\" \/>\n\t<meta property=\"og:image:type\" content=\"image\/jpeg\" \/>\n<meta name=\"author\" content=\"Sandy\" \/>\n<meta name=\"twitter:card\" content=\"summary_large_image\" \/>\n<meta name=\"twitter:label1\" content=\"\u00c9crit par\" \/>\n\t<meta name=\"twitter:data1\" content=\"Sandy\" \/>\n\t<meta name=\"twitter:label2\" content=\"Dur\u00e9e de lecture estim\u00e9e\" \/>\n\t<meta name=\"twitter:data2\" content=\"1 minute\" \/>\n<script type=\"application\/ld+json\" class=\"yoast-schema-graph\">{\"@context\":\"https:\\\/\\\/schema.org\",\"@graph\":[{\"@type\":\"Article\",\"@id\":\"https:\\\/\\\/lejournaldesandy.fr\\\/?p=2424#article\",\"isPartOf\":{\"@id\":\"https:\\\/\\\/lejournaldesandy.fr\\\/?p=2424\"},\"author\":{\"name\":\"Sandy\",\"@id\":\"https:\\\/\\\/lejournaldesandy.fr\\\/#\\\/schema\\\/person\\\/3ac659e98587e504c234a67a929b1c43\"},\"headline\":\"Lecture \u00ab\u00a0The black flaningo\u00a0\u00bb\",\"datePublished\":\"2024-04-19T13:03:58+00:00\",\"dateModified\":\"2024-07-25T19:48:25+00:00\",\"mainEntityOfPage\":{\"@id\":\"https:\\\/\\\/lejournaldesandy.fr\\\/?p=2424\"},\"wordCount\":116,\"publisher\":{\"@id\":\"https:\\\/\\\/lejournaldesandy.fr\\\/#\\\/schema\\\/person\\\/3ac659e98587e504c234a67a929b1c43\"},\"image\":{\"@id\":\"https:\\\/\\\/lejournaldesandy.fr\\\/?p=2424#primaryimage\"},\"thumbnailUrl\":\"https:\\\/\\\/i0.wp.com\\\/lejournaldesandy.fr\\\/wp-content\\\/uploads\\\/2024\\\/04\\\/913-wFPdheL._AC_UF10001000_QL80_.jpg?fit=725%2C1000&ssl=1\",\"articleSection\":[\"Articles\"],\"inLanguage\":\"fr-FR\"},{\"@type\":\"WebPage\",\"@id\":\"https:\\\/\\\/lejournaldesandy.fr\\\/?p=2424\",\"url\":\"https:\\\/\\\/lejournaldesandy.fr\\\/?p=2424\",\"name\":\"Lecture \\\"The black flaningo\\\" le journal de Sandy\",\"isPartOf\":{\"@id\":\"https:\\\/\\\/lejournaldesandy.fr\\\/#website\"},\"primaryImageOfPage\":{\"@id\":\"https:\\\/\\\/lejournaldesandy.fr\\\/?p=2424#primaryimage\"},\"image\":{\"@id\":\"https:\\\/\\\/lejournaldesandy.fr\\\/?p=2424#primaryimage\"},\"thumbnailUrl\":\"https:\\\/\\\/i0.wp.com\\\/lejournaldesandy.fr\\\/wp-content\\\/uploads\\\/2024\\\/04\\\/913-wFPdheL._AC_UF10001000_QL80_.jpg?fit=725%2C1000&ssl=1\",\"datePublished\":\"2024-04-19T13:03:58+00:00\",\"dateModified\":\"2024-07-25T19:48:25+00:00\",\"description\":\"The Black Flamingo\\\" est une autobiographie captivante qui raconte l'histoire de mike, une personne noire ouvertement gay.\",\"breadcrumb\":{\"@id\":\"https:\\\/\\\/lejournaldesandy.fr\\\/?p=2424#breadcrumb\"},\"inLanguage\":\"fr-FR\",\"potentialAction\":[{\"@type\":\"ReadAction\",\"target\":[\"https:\\\/\\\/lejournaldesandy.fr\\\/?p=2424\"]}]},{\"@type\":\"ImageObject\",\"inLanguage\":\"fr-FR\",\"@id\":\"https:\\\/\\\/lejournaldesandy.fr\\\/?p=2424#primaryimage\",\"url\":\"https:\\\/\\\/i0.wp.com\\\/lejournaldesandy.fr\\\/wp-content\\\/uploads\\\/2024\\\/04\\\/913-wFPdheL._AC_UF10001000_QL80_.jpg?fit=725%2C1000&ssl=1\",\"contentUrl\":\"https:\\\/\\\/i0.wp.com\\\/lejournaldesandy.fr\\\/wp-content\\\/uploads\\\/2024\\\/04\\\/913-wFPdheL._AC_UF10001000_QL80_.jpg?fit=725%2C1000&ssl=1\",\"width\":725,\"height\":1000},{\"@type\":\"BreadcrumbList\",\"@id\":\"https:\\\/\\\/lejournaldesandy.fr\\\/?p=2424#breadcrumb\",\"itemListElement\":[{\"@type\":\"ListItem\",\"position\":1,\"name\":\"Accueil\",\"item\":\"https:\\\/\\\/lejournaldesandy.fr\\\/\"},{\"@type\":\"ListItem\",\"position\":2,\"name\":\"Lecture \u00ab\u00a0The black flaningo\u00a0\u00bb\"}]},{\"@type\":\"WebSite\",\"@id\":\"https:\\\/\\\/lejournaldesandy.fr\\\/#website\",\"url\":\"https:\\\/\\\/lejournaldesandy.fr\\\/\",\"name\":\"le journal de Sandy\",\"description\":\"biographie; transition; MtF\",\"publisher\":{\"@id\":\"https:\\\/\\\/lejournaldesandy.fr\\\/#\\\/schema\\\/person\\\/3ac659e98587e504c234a67a929b1c43\"},\"potentialAction\":[{\"@type\":\"SearchAction\",\"target\":{\"@type\":\"EntryPoint\",\"urlTemplate\":\"https:\\\/\\\/lejournaldesandy.fr\\\/?s={search_term_string}\"},\"query-input\":{\"@type\":\"PropertyValueSpecification\",\"valueRequired\":true,\"valueName\":\"search_term_string\"}}],\"inLanguage\":\"fr-FR\"},{\"@type\":[\"Person\",\"Organization\"],\"@id\":\"https:\\\/\\\/lejournaldesandy.fr\\\/#\\\/schema\\\/person\\\/3ac659e98587e504c234a67a929b1c43\",\"name\":\"Sandy\",\"image\":{\"@type\":\"ImageObject\",\"inLanguage\":\"fr-FR\",\"@id\":\"https:\\\/\\\/i0.wp.com\\\/lejournaldesandy.fr\\\/wp-content\\\/uploads\\\/2023\\\/12\\\/cropped-Logo-2048-Copie-Petite-Icone-site.png?fit=512%2C512&ssl=1\",\"url\":\"https:\\\/\\\/i0.wp.com\\\/lejournaldesandy.fr\\\/wp-content\\\/uploads\\\/2023\\\/12\\\/cropped-Logo-2048-Copie-Petite-Icone-site.png?fit=512%2C512&ssl=1\",\"contentUrl\":\"https:\\\/\\\/i0.wp.com\\\/lejournaldesandy.fr\\\/wp-content\\\/uploads\\\/2023\\\/12\\\/cropped-Logo-2048-Copie-Petite-Icone-site.png?fit=512%2C512&ssl=1\",\"width\":512,\"height\":512,\"caption\":\"Sandy\"},\"logo\":{\"@id\":\"https:\\\/\\\/i0.wp.com\\\/lejournaldesandy.fr\\\/wp-content\\\/uploads\\\/2023\\\/12\\\/cropped-Logo-2048-Copie-Petite-Icone-site.png?fit=512%2C512&ssl=1\"},\"sameAs\":[\"http:\\\/\\\/lejournaldesandy.fr\"],\"url\":\"https:\\\/\\\/lejournaldesandy.fr\\\/?author=1\"}]}<\/script>\n<!-- \/ Yoast SEO plugin. -->","yoast_head_json":{"title":"Lecture \"The black flaningo\" le journal de Sandy","description":"The Black Flamingo\" est une autobiographie captivante qui raconte l'histoire de mike, une personne noire ouvertement gay.","robots":{"index":"index","follow":"follow","max-snippet":"max-snippet:-1","max-image-preview":"max-image-preview:large","max-video-preview":"max-video-preview:-1"},"canonical":"https:\/\/lejournaldesandy.fr\/?p=2424","og_locale":"fr_FR","og_type":"article","og_title":"Lecture \"The black flaningo\" le journal de Sandy","og_description":"The Black Flamingo\" est une autobiographie captivante qui raconte l'histoire de mike, une personne noire ouvertement gay.","og_url":"https:\/\/lejournaldesandy.fr\/?p=2424","og_site_name":"le journal de Sandy","article_published_time":"2024-04-19T13:03:58+00:00","article_modified_time":"2024-07-25T19:48:25+00:00","og_image":[{"width":725,"height":1000,"url":"https:\/\/lejournaldesandy.fr\/wp-content\/uploads\/2024\/04\/913-wFPdheL._AC_UF10001000_QL80_.jpg","type":"image\/jpeg"}],"author":"Sandy","twitter_card":"summary_large_image","twitter_misc":{"\u00c9crit par":"Sandy","Dur\u00e9e de lecture estim\u00e9e":"1 minute"},"schema":{"@context":"https:\/\/schema.org","@graph":[{"@type":"Article","@id":"https:\/\/lejournaldesandy.fr\/?p=2424#article","isPartOf":{"@id":"https:\/\/lejournaldesandy.fr\/?p=2424"},"author":{"name":"Sandy","@id":"https:\/\/lejournaldesandy.fr\/#\/schema\/person\/3ac659e98587e504c234a67a929b1c43"},"headline":"Lecture \u00ab\u00a0The black flaningo\u00a0\u00bb","datePublished":"2024-04-19T13:03:58+00:00","dateModified":"2024-07-25T19:48:25+00:00","mainEntityOfPage":{"@id":"https:\/\/lejournaldesandy.fr\/?p=2424"},"wordCount":116,"publisher":{"@id":"https:\/\/lejournaldesandy.fr\/#\/schema\/person\/3ac659e98587e504c234a67a929b1c43"},"image":{"@id":"https:\/\/lejournaldesandy.fr\/?p=2424#primaryimage"},"thumbnailUrl":"https:\/\/i0.wp.com\/lejournaldesandy.fr\/wp-content\/uploads\/2024\/04\/913-wFPdheL._AC_UF10001000_QL80_.jpg?fit=725%2C1000&ssl=1","articleSection":["Articles"],"inLanguage":"fr-FR"},{"@type":"WebPage","@id":"https:\/\/lejournaldesandy.fr\/?p=2424","url":"https:\/\/lejournaldesandy.fr\/?p=2424","name":"Lecture \"The black flaningo\" le journal de Sandy","isPartOf":{"@id":"https:\/\/lejournaldesandy.fr\/#website"},"primaryImageOfPage":{"@id":"https:\/\/lejournaldesandy.fr\/?p=2424#primaryimage"},"image":{"@id":"https:\/\/lejournaldesandy.fr\/?p=2424#primaryimage"},"thumbnailUrl":"https:\/\/i0.wp.com\/lejournaldesandy.fr\/wp-content\/uploads\/2024\/04\/913-wFPdheL._AC_UF10001000_QL80_.jpg?fit=725%2C1000&ssl=1","datePublished":"2024-04-19T13:03:58+00:00","dateModified":"2024-07-25T19:48:25+00:00","description":"The Black Flamingo\" est une autobiographie captivante qui raconte l'histoire de mike, une personne noire ouvertement gay.","breadcrumb":{"@id":"https:\/\/lejournaldesandy.fr\/?p=2424#breadcrumb"},"inLanguage":"fr-FR","potentialAction":[{"@type":"ReadAction","target":["https:\/\/lejournaldesandy.fr\/?p=2424"]}]},{"@type":"ImageObject","inLanguage":"fr-FR","@id":"https:\/\/lejournaldesandy.fr\/?p=2424#primaryimage","url":"https:\/\/i0.wp.com\/lejournaldesandy.fr\/wp-content\/uploads\/2024\/04\/913-wFPdheL._AC_UF10001000_QL80_.jpg?fit=725%2C1000&ssl=1","contentUrl":"https:\/\/i0.wp.com\/lejournaldesandy.fr\/wp-content\/uploads\/2024\/04\/913-wFPdheL._AC_UF10001000_QL80_.jpg?fit=725%2C1000&ssl=1","width":725,"height":1000},{"@type":"BreadcrumbList","@id":"https:\/\/lejournaldesandy.fr\/?p=2424#breadcrumb","itemListElement":[{"@type":"ListItem","position":1,"name":"Accueil","item":"https:\/\/lejournaldesandy.fr\/"},{"@type":"ListItem","position":2,"name":"Lecture \u00ab\u00a0The black flaningo\u00a0\u00bb"}]},{"@type":"WebSite","@id":"https:\/\/lejournaldesandy.fr\/#website","url":"https:\/\/lejournaldesandy.fr\/","name":"le journal de Sandy","description":"biographie; transition; MtF","publisher":{"@id":"https:\/\/lejournaldesandy.fr\/#\/schema\/person\/3ac659e98587e504c234a67a929b1c43"},"potentialAction":[{"@type":"SearchAction","target":{"@type":"EntryPoint","urlTemplate":"https:\/\/lejournaldesandy.fr\/?s={search_term_string}"},"query-input":{"@type":"PropertyValueSpecification","valueRequired":true,"valueName":"search_term_string"}}],"inLanguage":"fr-FR"},{"@type":["Person","Organization"],"@id":"https:\/\/lejournaldesandy.fr\/#\/schema\/person\/3ac659e98587e504c234a67a929b1c43","name":"Sandy","image":{"@type":"ImageObject","inLanguage":"fr-FR","@id":"https:\/\/i0.wp.com\/lejournaldesandy.fr\/wp-content\/uploads\/2023\/12\/cropped-Logo-2048-Copie-Petite-Icone-site.png?fit=512%2C512&ssl=1","url":"https:\/\/i0.wp.com\/lejournaldesandy.fr\/wp-content\/uploads\/2023\/12\/cropped-Logo-2048-Copie-Petite-Icone-site.png?fit=512%2C512&ssl=1","contentUrl":"https:\/\/i0.wp.com\/lejournaldesandy.fr\/wp-content\/uploads\/2023\/12\/cropped-Logo-2048-Copie-Petite-Icone-site.png?fit=512%2C512&ssl=1","width":512,"height":512,"caption":"Sandy"},"logo":{"@id":"https:\/\/i0.wp.com\/lejournaldesandy.fr\/wp-content\/uploads\/2023\/12\/cropped-Logo-2048-Copie-Petite-Icone-site.png?fit=512%2C512&ssl=1"},"sameAs":["http:\/\/lejournaldesandy.fr"],"url":"https:\/\/lejournaldesandy.fr\/?author=1"}]}},"jetpack_featured_media_url":"https:\/\/i0.wp.com\/lejournaldesandy.fr\/wp-content\/uploads\/2024\/04\/913-wFPdheL._AC_UF10001000_QL80_.jpg?fit=725%2C1000&ssl=1","jetpack_sharing_enabled":true,"jetpack_likes_enabled":true,"_links":{"self":[{"href":"https:\/\/lejournaldesandy.fr\/index.php?rest_route=\/wp\/v2\/posts\/2424","targetHints":{"allow":["GET"]}}],"collection":[{"href":"https:\/\/lejournaldesandy.fr\/index.php?rest_route=\/wp\/v2\/posts"}],"about":[{"href":"https:\/\/lejournaldesandy.fr\/index.php?rest_route=\/wp\/v2\/types\/post"}],"author":[{"embeddable":true,"href":"https:\/\/lejournaldesandy.fr\/index.php?rest_route=\/wp\/v2\/users\/1"}],"replies":[{"embeddable":true,"href":"https:\/\/lejournaldesandy.fr\/index.php?rest_route=%2Fwp%2Fv2%2Fcomments&post=2424"}],"version-history":[{"count":2,"href":"https:\/\/lejournaldesandy.fr\/index.php?rest_route=\/wp\/v2\/posts\/2424\/revisions"}],"predecessor-version":[{"id":2548,"href":"https:\/\/lejournaldesandy.fr\/index.php?rest_route=\/wp\/v2\/posts\/2424\/revisions\/2548"}],"wp:featuredmedia":[{"embeddable":true,"href":"https:\/\/lejournaldesandy.fr\/index.php?rest_route=\/wp\/v2\/media\/2422"}],"wp:attachment":[{"href":"https:\/\/lejournaldesandy.fr\/index.php?rest_route=%2Fwp%2Fv2%2Fmedia&parent=2424"}],"wp:term":[{"taxonomy":"category","embeddable":true,"href":"https:\/\/lejournaldesandy.fr\/index.php?rest_route=%2Fwp%2Fv2%2Fcategories&post=2424"},{"taxonomy":"post_tag","embeddable":true,"href":"https:\/\/lejournaldesandy.fr\/index.php?rest_route=%2Fwp%2Fv2%2Ftags&post=2424"}],"curies":[{"name":"wp","href":"https:\/\/api.w.org\/{rel}","templated":true}]}}