{"id":2523,"date":"2024-07-12T10:31:08","date_gmt":"2024-07-12T08:31:08","guid":{"rendered":"https:\/\/lejournaldesandy.fr\/?p=2523"},"modified":"2024-07-25T22:02:03","modified_gmt":"2024-07-25T20:02:03","slug":"feminicide-trans","status":"publish","type":"post","link":"https:\/\/lejournaldesandy.fr\/?p=2523","title":{"rendered":"F\u00e9minicide Trans"},"content":{"rendered":"\n<p class=\"wp-block-paragraph\">Je suis profond\u00e9ment attrist\u00e9e d&rsquo;apprendre les meurtres tragiques de G\u00e9raldine et Angelina, deux femmes trans. Les actes de violence et les meurtres ciblant les personnes transgenres sont extr\u00eamement pr\u00e9occupants. Ils soulignent la n\u00e9cessit\u00e9 de lutter contre la transphobie et de promouvoir la s\u00e9curit\u00e9 et le respect des droits des personnes transgenres.<\/p>\n\n\n\n<p class=\"wp-block-paragraph\">Il est crucial de reconna\u00eetre que les meurtres de personnes transgenres sont souvent motiv\u00e9s par la haine, la discrimination et la transphobie. Ces actes sont inacceptables et doivent \u00eatre condamn\u00e9s avec la plus grande fermet\u00e9. <\/p>\n\n\n\n<p class=\"wp-block-paragraph\">De tels \u00e9v\u00e9nements tragiques soulignent \u00e9galement la n\u00e9cessit\u00e9 de sensibiliser davantage le public. Lutter contre les pr\u00e9jug\u00e9s et les st\u00e9r\u00e9otypes. De promouvoir l&rsquo;inclusion et le respect des personnes transgenres dans toutes les sph\u00e8res de la soci\u00e9t\u00e9. Il est important de soutenir les communaut\u00e9s transgenres. De travailler ensemble pour mettre fin \u00e0 la violence et \u00e0 la discrimination qu&rsquo;elles subissent.<\/p>\n\n\n\n<p class=\"wp-block-paragraph\">Mes pens\u00e9es vont aux familles et aux proches de G\u00e9raldine et Angelina, ainsi qu&rsquo;\u00e0 toutes les personnes touch\u00e9es par ces trag\u00e9dies.<\/p>\n\n\n\n<p class=\"wp-block-paragraph\">Plus d&rsquo;info dans l&rsquo;article de <strong><em>\u00ab\u00a0<a href=\"https:\/\/www.huffingtonpost.fr\/life\/article\/meurtres-de-deux-femmes-trans-a-paris-et-compiegne-indignation-des-assos-lgbt-face-a-la-haine-transphobe_236717.html\" style=\"color:#FF33ED;\" target=\"_blank\" rel=\"noreferrer noopener\">Huffpost<\/a>\u00ab\u00a0<\/em><\/strong><\/p>\n\n\n<div class=\"wpforms-container wpforms-container-full wpforms-block wpforms-block-ec9f2a8c-97d3-4009-bd8e-ff274dff6424 wpforms-render-modern\" id=\"wpforms-1680\"><form id=\"wpforms-form-1680\" class=\"wpforms-validate wpforms-form wpforms-ajax-form\" data-formid=\"1680\" method=\"post\" enctype=\"multipart\/form-data\" action=\"\/index.php?rest_route=%2Fwp%2Fv2%2Fposts%2F2523\" data-token=\"e67ff2a1474d1f9e45ed005ff24155cd\" data-token-time=\"1777309336\"><noscript class=\"wpforms-error-noscript\">Veuillez activer JavaScript dans votre navigateur pour remplir ce formulaire.<\/noscript><div id=\"wpforms-error-noscript\" style=\"display: none;\">Veuillez activer JavaScript dans votre navigateur pour remplir ce formulaire.<\/div><div class=\"wpforms-field-container\"><div id=\"wpforms-1680-field_0-container\" class=\"wpforms-field wpforms-field-name body font-family comic sans ms\" data-field-id=\"0\"><fieldset><legend class=\"wpforms-field-label\">Pr\u00e9nom et nom<\/legend><div class=\"wpforms-field-row wpforms-field-medium\"><div class=\"wpforms-field-row-block wpforms-first wpforms-one-half\"><input type=\"text\" id=\"wpforms-1680-field_0\" class=\"wpforms-field-name-first\" name=\"wpforms[fields][0][first]\" aria-errormessage=\"wpforms-1680-field_0-error\" ><label for=\"wpforms-1680-field_0\" class=\"wpforms-field-sublabel after\">Pr\u00e9nom<\/label><\/div><div class=\"wpforms-field-row-block wpforms-one-half\"><input type=\"text\" id=\"wpforms-1680-field_0-last\" class=\"wpforms-field-name-last\" name=\"wpforms[fields][0][last]\" aria-errormessage=\"wpforms-1680-field_0-last-error\" ><label for=\"wpforms-1680-field_0-last\" class=\"wpforms-field-sublabel after\">Nom<\/label><\/div><\/div><\/fieldset><\/div><div id=\"wpforms-1680-field_4-container\" class=\"wpforms-field wpforms-field-text\" data-field-id=\"4\"><label class=\"wpforms-field-label\" for=\"wpforms-1680-field_4\">Pseudo<\/label><input type=\"text\" id=\"wpforms-1680-field_4\" class=\"wpforms-field-medium\" name=\"wpforms[fields][4]\" aria-errormessage=\"wpforms-1680-field_4-error\" ><\/div><div id=\"wpforms-1680-field_1-container\" class=\"wpforms-field wpforms-field-email body font-family comic sans ms\" data-field-id=\"1\"><label class=\"wpforms-field-label\" for=\"wpforms-1680-field_1\">Email <span class=\"wpforms-required-label\" aria-hidden=\"true\">*<\/span><\/label><input type=\"email\" id=\"wpforms-1680-field_1\" class=\"wpforms-field-medium wpforms-field-required\" name=\"wpforms[fields][1]\" spellcheck=\"false\" aria-errormessage=\"wpforms-1680-field_1-error\" required><\/div><div id=\"wpforms-1680-field_2-container\" class=\"wpforms-field wpforms-field-textarea body font-family comic sans ms\" data-field-id=\"2\"><label class=\"wpforms-field-label\" for=\"wpforms-1680-field_2\">Commentaire ou Message <span class=\"wpforms-required-label\" aria-hidden=\"true\">*<\/span><\/label><textarea id=\"wpforms-1680-field_2\" class=\"wpforms-field-medium wpforms-field-required\" name=\"wpforms[fields][2]\" aria-errormessage=\"wpforms-1680-field_2-error\" required><\/textarea><\/div><\/div><!-- .wpforms-field-container --><div class=\"wpforms-submit-container\" ><input type=\"hidden\" name=\"wpforms[id]\" value=\"1680\"><input type=\"hidden\" name=\"page_title\" value=\"\"><input type=\"hidden\" name=\"page_url\" value=\"https:\/\/lejournaldesandy.fr\/index.php?rest_route=\/wp\/v2\/posts\/2523\"><input type=\"hidden\" name=\"url_referer\" value=\"\"><button type=\"submit\" name=\"wpforms[submit]\" id=\"wpforms-submit-1680\" class=\"wpforms-submit\" data-alt-text=\"Sending...\" data-submit-text=\"envoyer\" aria-live=\"assertive\" value=\"wpforms-submit\">envoyer<\/button><img loading=\"lazy\" decoding=\"async\" src=\"https:\/\/lejournaldesandy.fr\/wp-content\/plugins\/wpforms-lite\/assets\/images\/submit-spin.svg\" class=\"wpforms-submit-spinner\" style=\"display: none;\" width=\"26\" height=\"26\" alt=\"Chargement en cours\"><\/div><\/form><\/div>  <!-- .wpforms-container -->","protected":false},"excerpt":{"rendered":"<p>Je suis profond\u00e9ment attrist\u00e9e d&rsquo;apprendre les meurtres tragiques de G\u00e9raldine et Angelina, deux femmes trans. Les actes de violence et les meurtres ciblant les personnes transgenres sont extr\u00eamement pr\u00e9occupants. Ils soulignent la n\u00e9cessit\u00e9 de lutter contre la transphobie et de promouvoir la s\u00e9curit\u00e9 et le respect des droits des personnes transgenres. Il est crucial de&hellip; <br \/> <a class=\"read-more\" href=\"https:\/\/lejournaldesandy.fr\/?p=2523\">Lire la suite<\/a><\/p>\n","protected":false},"author":1,"featured_media":2522,"comment_status":"closed","ping_status":"closed","sticky":false,"template":"","format":"standard","meta":{"_crdt_document":"","_jetpack_memberships_contains_paid_content":false,"footnotes":""},"categories":[17],"tags":[],"class_list":["post-2523","post","type-post","status-publish","format-standard","has-post-thumbnail","hentry","category-articles"],"yoast_head":"<!-- This site is optimized with the Yoast SEO plugin v27.4 - https:\/\/yoast.com\/product\/yoast-seo-wordpress\/ -->\n<title>F\u00e9minicide Trans le journal de Sandy<\/title>\n<meta name=\"description\" content=\"Je suis profond\u00e9ment attrist\u00e9(e) d&#039;apprendre les meurtres tragiques de G\u00e9raldine et Angelina, deux femmes trans.\" \/>\n<meta name=\"robots\" content=\"index, follow, max-snippet:-1, max-image-preview:large, max-video-preview:-1\" \/>\n<link rel=\"canonical\" href=\"https:\/\/lejournaldesandy.fr\/?p=2523\" \/>\n<meta property=\"og:locale\" content=\"fr_FR\" \/>\n<meta property=\"og:type\" content=\"article\" \/>\n<meta property=\"og:title\" content=\"F\u00e9minicide Trans le journal de Sandy\" \/>\n<meta property=\"og:description\" content=\"Je suis profond\u00e9ment attrist\u00e9(e) d&#039;apprendre les meurtres tragiques de G\u00e9raldine et Angelina, deux femmes trans.\" \/>\n<meta property=\"og:url\" content=\"https:\/\/lejournaldesandy.fr\/?p=2523\" \/>\n<meta property=\"og:site_name\" content=\"le journal de Sandy\" \/>\n<meta property=\"article:published_time\" content=\"2024-07-12T08:31:08+00:00\" \/>\n<meta property=\"article:modified_time\" content=\"2024-07-25T20:02:03+00:00\" \/>\n<meta property=\"og:image\" content=\"https:\/\/lejournaldesandy.fr\/wp-content\/uploads\/2024\/07\/Feminicide-Trans.png\" \/>\n\t<meta property=\"og:image:width\" content=\"600\" \/>\n\t<meta property=\"og:image:height\" content=\"600\" \/>\n\t<meta property=\"og:image:type\" content=\"image\/png\" \/>\n<meta name=\"author\" content=\"Sandy\" \/>\n<meta name=\"twitter:card\" content=\"summary_large_image\" \/>\n<meta name=\"twitter:label1\" content=\"\u00c9crit par\" \/>\n\t<meta name=\"twitter:data1\" content=\"Sandy\" \/>\n\t<meta name=\"twitter:label2\" content=\"Dur\u00e9e de lecture estim\u00e9e\" \/>\n\t<meta name=\"twitter:data2\" content=\"2 minutes\" \/>\n<script type=\"application\/ld+json\" class=\"yoast-schema-graph\">{\"@context\":\"https:\\\/\\\/schema.org\",\"@graph\":[{\"@type\":\"Article\",\"@id\":\"https:\\\/\\\/lejournaldesandy.fr\\\/?p=2523#article\",\"isPartOf\":{\"@id\":\"https:\\\/\\\/lejournaldesandy.fr\\\/?p=2523\"},\"author\":{\"name\":\"Sandy\",\"@id\":\"https:\\\/\\\/lejournaldesandy.fr\\\/#\\\/schema\\\/person\\\/3ac659e98587e504c234a67a929b1c43\"},\"headline\":\"F\u00e9minicide Trans\",\"datePublished\":\"2024-07-12T08:31:08+00:00\",\"dateModified\":\"2024-07-25T20:02:03+00:00\",\"mainEntityOfPage\":{\"@id\":\"https:\\\/\\\/lejournaldesandy.fr\\\/?p=2523\"},\"wordCount\":201,\"publisher\":{\"@id\":\"https:\\\/\\\/lejournaldesandy.fr\\\/#\\\/schema\\\/person\\\/3ac659e98587e504c234a67a929b1c43\"},\"image\":{\"@id\":\"https:\\\/\\\/lejournaldesandy.fr\\\/?p=2523#primaryimage\"},\"thumbnailUrl\":\"https:\\\/\\\/i0.wp.com\\\/lejournaldesandy.fr\\\/wp-content\\\/uploads\\\/2024\\\/07\\\/Feminicide-Trans.png?fit=600%2C600&ssl=1\",\"articleSection\":[\"Articles\"],\"inLanguage\":\"fr-FR\"},{\"@type\":\"WebPage\",\"@id\":\"https:\\\/\\\/lejournaldesandy.fr\\\/?p=2523\",\"url\":\"https:\\\/\\\/lejournaldesandy.fr\\\/?p=2523\",\"name\":\"F\u00e9minicide Trans le journal de Sandy\",\"isPartOf\":{\"@id\":\"https:\\\/\\\/lejournaldesandy.fr\\\/#website\"},\"primaryImageOfPage\":{\"@id\":\"https:\\\/\\\/lejournaldesandy.fr\\\/?p=2523#primaryimage\"},\"image\":{\"@id\":\"https:\\\/\\\/lejournaldesandy.fr\\\/?p=2523#primaryimage\"},\"thumbnailUrl\":\"https:\\\/\\\/i0.wp.com\\\/lejournaldesandy.fr\\\/wp-content\\\/uploads\\\/2024\\\/07\\\/Feminicide-Trans.png?fit=600%2C600&ssl=1\",\"datePublished\":\"2024-07-12T08:31:08+00:00\",\"dateModified\":\"2024-07-25T20:02:03+00:00\",\"description\":\"Je suis profond\u00e9ment attrist\u00e9(e) d'apprendre les meurtres tragiques de G\u00e9raldine et Angelina, deux femmes trans.\",\"breadcrumb\":{\"@id\":\"https:\\\/\\\/lejournaldesandy.fr\\\/?p=2523#breadcrumb\"},\"inLanguage\":\"fr-FR\",\"potentialAction\":[{\"@type\":\"ReadAction\",\"target\":[\"https:\\\/\\\/lejournaldesandy.fr\\\/?p=2523\"]}]},{\"@type\":\"ImageObject\",\"inLanguage\":\"fr-FR\",\"@id\":\"https:\\\/\\\/lejournaldesandy.fr\\\/?p=2523#primaryimage\",\"url\":\"https:\\\/\\\/i0.wp.com\\\/lejournaldesandy.fr\\\/wp-content\\\/uploads\\\/2024\\\/07\\\/Feminicide-Trans.png?fit=600%2C600&ssl=1\",\"contentUrl\":\"https:\\\/\\\/i0.wp.com\\\/lejournaldesandy.fr\\\/wp-content\\\/uploads\\\/2024\\\/07\\\/Feminicide-Trans.png?fit=600%2C600&ssl=1\",\"width\":600,\"height\":600},{\"@type\":\"BreadcrumbList\",\"@id\":\"https:\\\/\\\/lejournaldesandy.fr\\\/?p=2523#breadcrumb\",\"itemListElement\":[{\"@type\":\"ListItem\",\"position\":1,\"name\":\"Accueil\",\"item\":\"https:\\\/\\\/lejournaldesandy.fr\\\/\"},{\"@type\":\"ListItem\",\"position\":2,\"name\":\"F\u00e9minicide Trans\"}]},{\"@type\":\"WebSite\",\"@id\":\"https:\\\/\\\/lejournaldesandy.fr\\\/#website\",\"url\":\"https:\\\/\\\/lejournaldesandy.fr\\\/\",\"name\":\"le journal de Sandy\",\"description\":\"biographie; transition; MtF\",\"publisher\":{\"@id\":\"https:\\\/\\\/lejournaldesandy.fr\\\/#\\\/schema\\\/person\\\/3ac659e98587e504c234a67a929b1c43\"},\"potentialAction\":[{\"@type\":\"SearchAction\",\"target\":{\"@type\":\"EntryPoint\",\"urlTemplate\":\"https:\\\/\\\/lejournaldesandy.fr\\\/?s={search_term_string}\"},\"query-input\":{\"@type\":\"PropertyValueSpecification\",\"valueRequired\":true,\"valueName\":\"search_term_string\"}}],\"inLanguage\":\"fr-FR\"},{\"@type\":[\"Person\",\"Organization\"],\"@id\":\"https:\\\/\\\/lejournaldesandy.fr\\\/#\\\/schema\\\/person\\\/3ac659e98587e504c234a67a929b1c43\",\"name\":\"Sandy\",\"image\":{\"@type\":\"ImageObject\",\"inLanguage\":\"fr-FR\",\"@id\":\"https:\\\/\\\/i0.wp.com\\\/lejournaldesandy.fr\\\/wp-content\\\/uploads\\\/2023\\\/12\\\/cropped-Logo-2048-Copie-Petite-Icone-site.png?fit=512%2C512&ssl=1\",\"url\":\"https:\\\/\\\/i0.wp.com\\\/lejournaldesandy.fr\\\/wp-content\\\/uploads\\\/2023\\\/12\\\/cropped-Logo-2048-Copie-Petite-Icone-site.png?fit=512%2C512&ssl=1\",\"contentUrl\":\"https:\\\/\\\/i0.wp.com\\\/lejournaldesandy.fr\\\/wp-content\\\/uploads\\\/2023\\\/12\\\/cropped-Logo-2048-Copie-Petite-Icone-site.png?fit=512%2C512&ssl=1\",\"width\":512,\"height\":512,\"caption\":\"Sandy\"},\"logo\":{\"@id\":\"https:\\\/\\\/i0.wp.com\\\/lejournaldesandy.fr\\\/wp-content\\\/uploads\\\/2023\\\/12\\\/cropped-Logo-2048-Copie-Petite-Icone-site.png?fit=512%2C512&ssl=1\"},\"sameAs\":[\"http:\\\/\\\/lejournaldesandy.fr\"],\"url\":\"https:\\\/\\\/lejournaldesandy.fr\\\/?author=1\"}]}<\/script>\n<!-- \/ Yoast SEO plugin. -->","yoast_head_json":{"title":"F\u00e9minicide Trans le journal de Sandy","description":"Je suis profond\u00e9ment attrist\u00e9(e) d'apprendre les meurtres tragiques de G\u00e9raldine et Angelina, deux femmes trans.","robots":{"index":"index","follow":"follow","max-snippet":"max-snippet:-1","max-image-preview":"max-image-preview:large","max-video-preview":"max-video-preview:-1"},"canonical":"https:\/\/lejournaldesandy.fr\/?p=2523","og_locale":"fr_FR","og_type":"article","og_title":"F\u00e9minicide Trans le journal de Sandy","og_description":"Je suis profond\u00e9ment attrist\u00e9(e) d'apprendre les meurtres tragiques de G\u00e9raldine et Angelina, deux femmes trans.","og_url":"https:\/\/lejournaldesandy.fr\/?p=2523","og_site_name":"le journal de Sandy","article_published_time":"2024-07-12T08:31:08+00:00","article_modified_time":"2024-07-25T20:02:03+00:00","og_image":[{"width":600,"height":600,"url":"https:\/\/lejournaldesandy.fr\/wp-content\/uploads\/2024\/07\/Feminicide-Trans.png","type":"image\/png"}],"author":"Sandy","twitter_card":"summary_large_image","twitter_misc":{"\u00c9crit par":"Sandy","Dur\u00e9e de lecture estim\u00e9e":"2 minutes"},"schema":{"@context":"https:\/\/schema.org","@graph":[{"@type":"Article","@id":"https:\/\/lejournaldesandy.fr\/?p=2523#article","isPartOf":{"@id":"https:\/\/lejournaldesandy.fr\/?p=2523"},"author":{"name":"Sandy","@id":"https:\/\/lejournaldesandy.fr\/#\/schema\/person\/3ac659e98587e504c234a67a929b1c43"},"headline":"F\u00e9minicide Trans","datePublished":"2024-07-12T08:31:08+00:00","dateModified":"2024-07-25T20:02:03+00:00","mainEntityOfPage":{"@id":"https:\/\/lejournaldesandy.fr\/?p=2523"},"wordCount":201,"publisher":{"@id":"https:\/\/lejournaldesandy.fr\/#\/schema\/person\/3ac659e98587e504c234a67a929b1c43"},"image":{"@id":"https:\/\/lejournaldesandy.fr\/?p=2523#primaryimage"},"thumbnailUrl":"https:\/\/i0.wp.com\/lejournaldesandy.fr\/wp-content\/uploads\/2024\/07\/Feminicide-Trans.png?fit=600%2C600&ssl=1","articleSection":["Articles"],"inLanguage":"fr-FR"},{"@type":"WebPage","@id":"https:\/\/lejournaldesandy.fr\/?p=2523","url":"https:\/\/lejournaldesandy.fr\/?p=2523","name":"F\u00e9minicide Trans le journal de Sandy","isPartOf":{"@id":"https:\/\/lejournaldesandy.fr\/#website"},"primaryImageOfPage":{"@id":"https:\/\/lejournaldesandy.fr\/?p=2523#primaryimage"},"image":{"@id":"https:\/\/lejournaldesandy.fr\/?p=2523#primaryimage"},"thumbnailUrl":"https:\/\/i0.wp.com\/lejournaldesandy.fr\/wp-content\/uploads\/2024\/07\/Feminicide-Trans.png?fit=600%2C600&ssl=1","datePublished":"2024-07-12T08:31:08+00:00","dateModified":"2024-07-25T20:02:03+00:00","description":"Je suis profond\u00e9ment attrist\u00e9(e) d'apprendre les meurtres tragiques de G\u00e9raldine et Angelina, deux femmes trans.","breadcrumb":{"@id":"https:\/\/lejournaldesandy.fr\/?p=2523#breadcrumb"},"inLanguage":"fr-FR","potentialAction":[{"@type":"ReadAction","target":["https:\/\/lejournaldesandy.fr\/?p=2523"]}]},{"@type":"ImageObject","inLanguage":"fr-FR","@id":"https:\/\/lejournaldesandy.fr\/?p=2523#primaryimage","url":"https:\/\/i0.wp.com\/lejournaldesandy.fr\/wp-content\/uploads\/2024\/07\/Feminicide-Trans.png?fit=600%2C600&ssl=1","contentUrl":"https:\/\/i0.wp.com\/lejournaldesandy.fr\/wp-content\/uploads\/2024\/07\/Feminicide-Trans.png?fit=600%2C600&ssl=1","width":600,"height":600},{"@type":"BreadcrumbList","@id":"https:\/\/lejournaldesandy.fr\/?p=2523#breadcrumb","itemListElement":[{"@type":"ListItem","position":1,"name":"Accueil","item":"https:\/\/lejournaldesandy.fr\/"},{"@type":"ListItem","position":2,"name":"F\u00e9minicide Trans"}]},{"@type":"WebSite","@id":"https:\/\/lejournaldesandy.fr\/#website","url":"https:\/\/lejournaldesandy.fr\/","name":"le journal de Sandy","description":"biographie; transition; MtF","publisher":{"@id":"https:\/\/lejournaldesandy.fr\/#\/schema\/person\/3ac659e98587e504c234a67a929b1c43"},"potentialAction":[{"@type":"SearchAction","target":{"@type":"EntryPoint","urlTemplate":"https:\/\/lejournaldesandy.fr\/?s={search_term_string}"},"query-input":{"@type":"PropertyValueSpecification","valueRequired":true,"valueName":"search_term_string"}}],"inLanguage":"fr-FR"},{"@type":["Person","Organization"],"@id":"https:\/\/lejournaldesandy.fr\/#\/schema\/person\/3ac659e98587e504c234a67a929b1c43","name":"Sandy","image":{"@type":"ImageObject","inLanguage":"fr-FR","@id":"https:\/\/i0.wp.com\/lejournaldesandy.fr\/wp-content\/uploads\/2023\/12\/cropped-Logo-2048-Copie-Petite-Icone-site.png?fit=512%2C512&ssl=1","url":"https:\/\/i0.wp.com\/lejournaldesandy.fr\/wp-content\/uploads\/2023\/12\/cropped-Logo-2048-Copie-Petite-Icone-site.png?fit=512%2C512&ssl=1","contentUrl":"https:\/\/i0.wp.com\/lejournaldesandy.fr\/wp-content\/uploads\/2023\/12\/cropped-Logo-2048-Copie-Petite-Icone-site.png?fit=512%2C512&ssl=1","width":512,"height":512,"caption":"Sandy"},"logo":{"@id":"https:\/\/i0.wp.com\/lejournaldesandy.fr\/wp-content\/uploads\/2023\/12\/cropped-Logo-2048-Copie-Petite-Icone-site.png?fit=512%2C512&ssl=1"},"sameAs":["http:\/\/lejournaldesandy.fr"],"url":"https:\/\/lejournaldesandy.fr\/?author=1"}]}},"jetpack_featured_media_url":"https:\/\/i0.wp.com\/lejournaldesandy.fr\/wp-content\/uploads\/2024\/07\/Feminicide-Trans.png?fit=600%2C600&ssl=1","jetpack_sharing_enabled":true,"jetpack_likes_enabled":true,"_links":{"self":[{"href":"https:\/\/lejournaldesandy.fr\/index.php?rest_route=\/wp\/v2\/posts\/2523","targetHints":{"allow":["GET"]}}],"collection":[{"href":"https:\/\/lejournaldesandy.fr\/index.php?rest_route=\/wp\/v2\/posts"}],"about":[{"href":"https:\/\/lejournaldesandy.fr\/index.php?rest_route=\/wp\/v2\/types\/post"}],"author":[{"embeddable":true,"href":"https:\/\/lejournaldesandy.fr\/index.php?rest_route=\/wp\/v2\/users\/1"}],"replies":[{"embeddable":true,"href":"https:\/\/lejournaldesandy.fr\/index.php?rest_route=%2Fwp%2Fv2%2Fcomments&post=2523"}],"version-history":[{"count":4,"href":"https:\/\/lejournaldesandy.fr\/index.php?rest_route=\/wp\/v2\/posts\/2523\/revisions"}],"predecessor-version":[{"id":2637,"href":"https:\/\/lejournaldesandy.fr\/index.php?rest_route=\/wp\/v2\/posts\/2523\/revisions\/2637"}],"wp:featuredmedia":[{"embeddable":true,"href":"https:\/\/lejournaldesandy.fr\/index.php?rest_route=\/wp\/v2\/media\/2522"}],"wp:attachment":[{"href":"https:\/\/lejournaldesandy.fr\/index.php?rest_route=%2Fwp%2Fv2%2Fmedia&parent=2523"}],"wp:term":[{"taxonomy":"category","embeddable":true,"href":"https:\/\/lejournaldesandy.fr\/index.php?rest_route=%2Fwp%2Fv2%2Fcategories&post=2523"},{"taxonomy":"post_tag","embeddable":true,"href":"https:\/\/lejournaldesandy.fr\/index.php?rest_route=%2Fwp%2Fv2%2Ftags&post=2523"}],"curies":[{"name":"wp","href":"https:\/\/api.w.org\/{rel}","templated":true}]}}