{"id":2575,"date":"2024-07-26T07:54:28","date_gmt":"2024-07-26T05:54:28","guid":{"rendered":"https:\/\/lejournaldesandy.fr\/?p=2575"},"modified":"2024-07-26T07:54:28","modified_gmt":"2024-07-26T05:54:28","slug":"maire-destevelles-estelle-szabo","status":"publish","type":"post","link":"https:\/\/lejournaldesandy.fr\/?p=2575","title":{"rendered":"Maire d\u2019Estevelles\u00a0Estelle Szabo"},"content":{"rendered":"\n<p class=\"wp-block-paragraph\">Il est inspirant de voir des histoires comme celle de la maire d\u2019Estevelles, Estelle Szabo, qui a obtenu le soutien de son conseil municipal pour poursuivre son mandat en tant que femme apr\u00e8s avoir \u00e9t\u00e9 \u00e9lue en tant qu&rsquo;homme. Cette d\u00e9marche t\u00e9moigne de la diversit\u00e9 des parcours de vie et de la volont\u00e9 de certaines personnes d&rsquo;assumer pleinement leur identit\u00e9 de genre, m\u00eame en cours de mandat politique.<\/p>\n\n\n\n<p class=\"wp-block-paragraph\">L&rsquo;acceptation et le soutien de la part du conseil municipal de la commune d&rsquo;Estevelles pour le changement de genre de son \u00e9lue sont des signes positifs de progr\u00e8s vers une soci\u00e9t\u00e9 plus inclusive et respectueuse de la diversit\u00e9. Cette d\u00e9cision peut \u00e9galement servir d&rsquo;exemple et encourager d&rsquo;autres institutions \u00e0 adopter des politiques et des attitudes similaires.<\/p>\n\n\n\n<p class=\"wp-block-paragraph\">Il est important de reconna\u00eetre et de soutenir le droit des individus \u00e0 exprimer pleinement leur identit\u00e9 de genre et \u00e0 \u00eatre respect\u00e9s dans leur parcours de transition. Les actions comme celles de la commune d&rsquo;Estevelles contribuent \u00e0 promouvoir l&rsquo;inclusion, la diversit\u00e9 et le respect des droits des personnes transgenres.<\/p>\n\n\n\n<p class=\"wp-block-paragraph\">Cette histoire met en lumi\u00e8re la capacit\u00e9 des communaut\u00e9s locales \u00e0 embrasser la diversit\u00e9 et \u00e0 soutenir leurs membres dans leurs parcours personnels. Esp\u00e9rons que cette initiative ouvrira la voie \u00e0 davantage de compr\u00e9hension, de tol\u00e9rance et d&rsquo;inclusion dans d&rsquo;autres contextes politiques et sociaux.<\/p>\n\n\n\n<p class=\"wp-block-paragraph\">Retrouver l&rsquo;article complet :<\/p>\n\n\n\n<p class=\"wp-block-paragraph\">Source : <a href=\"https:\/\/www.huffingtonpost.fr\/france\/article\/estelle-szabo-maire-du-nord-est-la-premiere-a-faire-sa-transition-de-genre-en-plein-mandat_216565.html\" style=\"color:#FF33ED;\" target=\"_blank\" rel=\"noreferrer noopener\">Huffpost<\/a><\/p>\n\n\n\n<p class=\"wp-block-paragraph\">\/<\/p>\n\n\n<div class=\"wpforms-container wpforms-container-full wpforms-block wpforms-block-281b7100-e34b-4e94-96ca-984430726222 wpforms-render-modern\" id=\"wpforms-1680\"><form id=\"wpforms-form-1680\" class=\"wpforms-validate wpforms-form wpforms-ajax-form\" data-formid=\"1680\" method=\"post\" enctype=\"multipart\/form-data\" action=\"\/index.php?rest_route=%2Fwp%2Fv2%2Fposts%2F2575\" data-token=\"e67ff2a1474d1f9e45ed005ff24155cd\" data-token-time=\"1777309857\"><noscript class=\"wpforms-error-noscript\">Veuillez activer JavaScript dans votre navigateur pour remplir ce formulaire.<\/noscript><div id=\"wpforms-error-noscript\" style=\"display: none;\">Veuillez activer JavaScript dans votre navigateur pour remplir ce formulaire.<\/div><div class=\"wpforms-field-container\"><div id=\"wpforms-1680-field_0-container\" class=\"wpforms-field wpforms-field-name body font-family comic sans ms\" data-field-id=\"0\"><fieldset><legend class=\"wpforms-field-label\">Pr\u00e9nom et nom<\/legend><div class=\"wpforms-field-row wpforms-field-medium\"><div class=\"wpforms-field-row-block wpforms-first wpforms-one-half\"><input type=\"text\" id=\"wpforms-1680-field_0\" class=\"wpforms-field-name-first\" name=\"wpforms[fields][0][first]\" aria-errormessage=\"wpforms-1680-field_0-error\" ><label for=\"wpforms-1680-field_0\" class=\"wpforms-field-sublabel after\">Pr\u00e9nom<\/label><\/div><div class=\"wpforms-field-row-block wpforms-one-half\"><input type=\"text\" id=\"wpforms-1680-field_0-last\" class=\"wpforms-field-name-last\" name=\"wpforms[fields][0][last]\" aria-errormessage=\"wpforms-1680-field_0-last-error\" ><label for=\"wpforms-1680-field_0-last\" class=\"wpforms-field-sublabel after\">Nom<\/label><\/div><\/div><\/fieldset><\/div><div id=\"wpforms-1680-field_4-container\" class=\"wpforms-field wpforms-field-text\" data-field-id=\"4\"><label class=\"wpforms-field-label\" for=\"wpforms-1680-field_4\">Pseudo<\/label><input type=\"text\" id=\"wpforms-1680-field_4\" class=\"wpforms-field-medium\" name=\"wpforms[fields][4]\" aria-errormessage=\"wpforms-1680-field_4-error\" ><\/div><div id=\"wpforms-1680-field_1-container\" class=\"wpforms-field wpforms-field-email body font-family comic sans ms\" data-field-id=\"1\"><label class=\"wpforms-field-label\" for=\"wpforms-1680-field_1\">Email <span class=\"wpforms-required-label\" aria-hidden=\"true\">*<\/span><\/label><input type=\"email\" id=\"wpforms-1680-field_1\" class=\"wpforms-field-medium wpforms-field-required\" name=\"wpforms[fields][1]\" spellcheck=\"false\" aria-errormessage=\"wpforms-1680-field_1-error\" required><\/div><div id=\"wpforms-1680-field_2-container\" class=\"wpforms-field wpforms-field-textarea body font-family comic sans ms\" data-field-id=\"2\"><label class=\"wpforms-field-label\" for=\"wpforms-1680-field_2\">Commentaire ou Message <span class=\"wpforms-required-label\" aria-hidden=\"true\">*<\/span><\/label><textarea id=\"wpforms-1680-field_2\" class=\"wpforms-field-medium wpforms-field-required\" name=\"wpforms[fields][2]\" aria-errormessage=\"wpforms-1680-field_2-error\" required><\/textarea><\/div><\/div><!-- .wpforms-field-container --><div class=\"wpforms-submit-container\" ><input type=\"hidden\" name=\"wpforms[id]\" value=\"1680\"><input type=\"hidden\" name=\"page_title\" value=\"\"><input type=\"hidden\" name=\"page_url\" value=\"https:\/\/lejournaldesandy.fr\/index.php?rest_route=\/wp\/v2\/posts\/2575\"><input type=\"hidden\" name=\"url_referer\" value=\"\"><button type=\"submit\" name=\"wpforms[submit]\" id=\"wpforms-submit-1680\" class=\"wpforms-submit\" data-alt-text=\"Sending...\" data-submit-text=\"envoyer\" aria-live=\"assertive\" value=\"wpforms-submit\">envoyer<\/button><img loading=\"lazy\" decoding=\"async\" src=\"https:\/\/lejournaldesandy.fr\/wp-content\/plugins\/wpforms-lite\/assets\/images\/submit-spin.svg\" class=\"wpforms-submit-spinner\" style=\"display: none;\" width=\"26\" height=\"26\" alt=\"Chargement en cours\"><\/div><\/form><\/div>  <!-- .wpforms-container -->","protected":false},"excerpt":{"rendered":"<p>Il est inspirant de voir des histoires comme celle de la maire d\u2019Estevelles, Estelle Szabo, qui a obtenu le soutien de son conseil municipal pour poursuivre son mandat en tant que femme apr\u00e8s avoir \u00e9t\u00e9 \u00e9lue en tant qu&rsquo;homme. Cette d\u00e9marche t\u00e9moigne de la diversit\u00e9 des parcours de vie et de la volont\u00e9 de certaines&hellip; <br \/> <a class=\"read-more\" href=\"https:\/\/lejournaldesandy.fr\/?p=2575\">Lire la suite<\/a><\/p>\n","protected":false},"author":1,"featured_media":2574,"comment_status":"closed","ping_status":"closed","sticky":false,"template":"","format":"standard","meta":{"_crdt_document":"","_jetpack_memberships_contains_paid_content":false,"footnotes":""},"categories":[17],"tags":[],"class_list":["post-2575","post","type-post","status-publish","format-standard","has-post-thumbnail","hentry","category-articles"],"yoast_head":"<!-- This site is optimized with the Yoast SEO plugin v27.4 - https:\/\/yoast.com\/product\/yoast-seo-wordpress\/ -->\n<title>Maire d\u2019Estevelles\u00a0Estelle Szabo - le journal de Sandy<\/title>\n<meta name=\"description\" content=\"La maire d\u2019Estevelles\u00a0Estelle Szabo (Pas-de-Calais), \u00e9lue en tant qu\u2019homme depuis 22 ans, et engag\u00e9e dans un parcours de\u00a0transition de genre\" \/>\n<meta name=\"robots\" content=\"index, follow, max-snippet:-1, max-image-preview:large, max-video-preview:-1\" \/>\n<link rel=\"canonical\" href=\"https:\/\/lejournaldesandy.fr\/?p=2575\" \/>\n<meta property=\"og:locale\" content=\"fr_FR\" \/>\n<meta property=\"og:type\" content=\"article\" \/>\n<meta property=\"og:title\" content=\"Maire d\u2019Estevelles\u00a0Estelle Szabo - le journal de Sandy\" \/>\n<meta property=\"og:description\" content=\"La maire d\u2019Estevelles\u00a0Estelle Szabo (Pas-de-Calais), \u00e9lue en tant qu\u2019homme depuis 22 ans, et engag\u00e9e dans un parcours de\u00a0transition de genre\" \/>\n<meta property=\"og:url\" content=\"https:\/\/lejournaldesandy.fr\/?p=2575\" \/>\n<meta property=\"og:site_name\" content=\"le journal de Sandy\" \/>\n<meta property=\"article:published_time\" content=\"2024-07-26T05:54:28+00:00\" \/>\n<meta property=\"og:image\" content=\"https:\/\/lejournaldesandy.fr\/wp-content\/uploads\/2024\/07\/Ville-dEstevelle.png\" \/>\n\t<meta property=\"og:image:width\" content=\"600\" \/>\n\t<meta property=\"og:image:height\" content=\"600\" \/>\n\t<meta property=\"og:image:type\" content=\"image\/png\" \/>\n<meta name=\"author\" content=\"Sandy\" \/>\n<meta name=\"twitter:card\" content=\"summary_large_image\" \/>\n<meta name=\"twitter:label1\" content=\"\u00c9crit par\" \/>\n\t<meta name=\"twitter:data1\" content=\"Sandy\" \/>\n\t<meta name=\"twitter:label2\" content=\"Dur\u00e9e de lecture estim\u00e9e\" \/>\n\t<meta name=\"twitter:data2\" content=\"2 minutes\" \/>\n<script type=\"application\/ld+json\" class=\"yoast-schema-graph\">{\"@context\":\"https:\\\/\\\/schema.org\",\"@graph\":[{\"@type\":\"Article\",\"@id\":\"https:\\\/\\\/lejournaldesandy.fr\\\/?p=2575#article\",\"isPartOf\":{\"@id\":\"https:\\\/\\\/lejournaldesandy.fr\\\/?p=2575\"},\"author\":{\"name\":\"Sandy\",\"@id\":\"https:\\\/\\\/lejournaldesandy.fr\\\/#\\\/schema\\\/person\\\/3ac659e98587e504c234a67a929b1c43\"},\"headline\":\"Maire d\u2019Estevelles\u00a0Estelle Szabo\",\"datePublished\":\"2024-07-26T05:54:28+00:00\",\"mainEntityOfPage\":{\"@id\":\"https:\\\/\\\/lejournaldesandy.fr\\\/?p=2575\"},\"wordCount\":247,\"publisher\":{\"@id\":\"https:\\\/\\\/lejournaldesandy.fr\\\/#\\\/schema\\\/person\\\/3ac659e98587e504c234a67a929b1c43\"},\"image\":{\"@id\":\"https:\\\/\\\/lejournaldesandy.fr\\\/?p=2575#primaryimage\"},\"thumbnailUrl\":\"https:\\\/\\\/i0.wp.com\\\/lejournaldesandy.fr\\\/wp-content\\\/uploads\\\/2024\\\/07\\\/Ville-dEstevelle.png?fit=600%2C600&ssl=1\",\"articleSection\":[\"Articles\"],\"inLanguage\":\"fr-FR\"},{\"@type\":\"WebPage\",\"@id\":\"https:\\\/\\\/lejournaldesandy.fr\\\/?p=2575\",\"url\":\"https:\\\/\\\/lejournaldesandy.fr\\\/?p=2575\",\"name\":\"Maire d\u2019Estevelles\u00a0Estelle Szabo - le journal de Sandy\",\"isPartOf\":{\"@id\":\"https:\\\/\\\/lejournaldesandy.fr\\\/#website\"},\"primaryImageOfPage\":{\"@id\":\"https:\\\/\\\/lejournaldesandy.fr\\\/?p=2575#primaryimage\"},\"image\":{\"@id\":\"https:\\\/\\\/lejournaldesandy.fr\\\/?p=2575#primaryimage\"},\"thumbnailUrl\":\"https:\\\/\\\/i0.wp.com\\\/lejournaldesandy.fr\\\/wp-content\\\/uploads\\\/2024\\\/07\\\/Ville-dEstevelle.png?fit=600%2C600&ssl=1\",\"datePublished\":\"2024-07-26T05:54:28+00:00\",\"description\":\"La maire d\u2019Estevelles\u00a0Estelle Szabo (Pas-de-Calais), \u00e9lue en tant qu\u2019homme depuis 22 ans, et engag\u00e9e dans un parcours de\u00a0transition de genre\",\"breadcrumb\":{\"@id\":\"https:\\\/\\\/lejournaldesandy.fr\\\/?p=2575#breadcrumb\"},\"inLanguage\":\"fr-FR\",\"potentialAction\":[{\"@type\":\"ReadAction\",\"target\":[\"https:\\\/\\\/lejournaldesandy.fr\\\/?p=2575\"]}]},{\"@type\":\"ImageObject\",\"inLanguage\":\"fr-FR\",\"@id\":\"https:\\\/\\\/lejournaldesandy.fr\\\/?p=2575#primaryimage\",\"url\":\"https:\\\/\\\/i0.wp.com\\\/lejournaldesandy.fr\\\/wp-content\\\/uploads\\\/2024\\\/07\\\/Ville-dEstevelle.png?fit=600%2C600&ssl=1\",\"contentUrl\":\"https:\\\/\\\/i0.wp.com\\\/lejournaldesandy.fr\\\/wp-content\\\/uploads\\\/2024\\\/07\\\/Ville-dEstevelle.png?fit=600%2C600&ssl=1\",\"width\":600,\"height\":600},{\"@type\":\"BreadcrumbList\",\"@id\":\"https:\\\/\\\/lejournaldesandy.fr\\\/?p=2575#breadcrumb\",\"itemListElement\":[{\"@type\":\"ListItem\",\"position\":1,\"name\":\"Accueil\",\"item\":\"https:\\\/\\\/lejournaldesandy.fr\\\/\"},{\"@type\":\"ListItem\",\"position\":2,\"name\":\"Maire d\u2019Estevelles\u00a0Estelle Szabo\"}]},{\"@type\":\"WebSite\",\"@id\":\"https:\\\/\\\/lejournaldesandy.fr\\\/#website\",\"url\":\"https:\\\/\\\/lejournaldesandy.fr\\\/\",\"name\":\"le journal de Sandy\",\"description\":\"biographie; transition; MtF\",\"publisher\":{\"@id\":\"https:\\\/\\\/lejournaldesandy.fr\\\/#\\\/schema\\\/person\\\/3ac659e98587e504c234a67a929b1c43\"},\"potentialAction\":[{\"@type\":\"SearchAction\",\"target\":{\"@type\":\"EntryPoint\",\"urlTemplate\":\"https:\\\/\\\/lejournaldesandy.fr\\\/?s={search_term_string}\"},\"query-input\":{\"@type\":\"PropertyValueSpecification\",\"valueRequired\":true,\"valueName\":\"search_term_string\"}}],\"inLanguage\":\"fr-FR\"},{\"@type\":[\"Person\",\"Organization\"],\"@id\":\"https:\\\/\\\/lejournaldesandy.fr\\\/#\\\/schema\\\/person\\\/3ac659e98587e504c234a67a929b1c43\",\"name\":\"Sandy\",\"image\":{\"@type\":\"ImageObject\",\"inLanguage\":\"fr-FR\",\"@id\":\"https:\\\/\\\/i0.wp.com\\\/lejournaldesandy.fr\\\/wp-content\\\/uploads\\\/2023\\\/12\\\/cropped-Logo-2048-Copie-Petite-Icone-site.png?fit=512%2C512&ssl=1\",\"url\":\"https:\\\/\\\/i0.wp.com\\\/lejournaldesandy.fr\\\/wp-content\\\/uploads\\\/2023\\\/12\\\/cropped-Logo-2048-Copie-Petite-Icone-site.png?fit=512%2C512&ssl=1\",\"contentUrl\":\"https:\\\/\\\/i0.wp.com\\\/lejournaldesandy.fr\\\/wp-content\\\/uploads\\\/2023\\\/12\\\/cropped-Logo-2048-Copie-Petite-Icone-site.png?fit=512%2C512&ssl=1\",\"width\":512,\"height\":512,\"caption\":\"Sandy\"},\"logo\":{\"@id\":\"https:\\\/\\\/i0.wp.com\\\/lejournaldesandy.fr\\\/wp-content\\\/uploads\\\/2023\\\/12\\\/cropped-Logo-2048-Copie-Petite-Icone-site.png?fit=512%2C512&ssl=1\"},\"sameAs\":[\"http:\\\/\\\/lejournaldesandy.fr\"],\"url\":\"https:\\\/\\\/lejournaldesandy.fr\\\/?author=1\"}]}<\/script>\n<!-- \/ Yoast SEO plugin. -->","yoast_head_json":{"title":"Maire d\u2019Estevelles\u00a0Estelle Szabo - le journal de Sandy","description":"La maire d\u2019Estevelles\u00a0Estelle Szabo (Pas-de-Calais), \u00e9lue en tant qu\u2019homme depuis 22 ans, et engag\u00e9e dans un parcours de\u00a0transition de genre","robots":{"index":"index","follow":"follow","max-snippet":"max-snippet:-1","max-image-preview":"max-image-preview:large","max-video-preview":"max-video-preview:-1"},"canonical":"https:\/\/lejournaldesandy.fr\/?p=2575","og_locale":"fr_FR","og_type":"article","og_title":"Maire d\u2019Estevelles\u00a0Estelle Szabo - le journal de Sandy","og_description":"La maire d\u2019Estevelles\u00a0Estelle Szabo (Pas-de-Calais), \u00e9lue en tant qu\u2019homme depuis 22 ans, et engag\u00e9e dans un parcours de\u00a0transition de genre","og_url":"https:\/\/lejournaldesandy.fr\/?p=2575","og_site_name":"le journal de Sandy","article_published_time":"2024-07-26T05:54:28+00:00","og_image":[{"width":600,"height":600,"url":"https:\/\/lejournaldesandy.fr\/wp-content\/uploads\/2024\/07\/Ville-dEstevelle.png","type":"image\/png"}],"author":"Sandy","twitter_card":"summary_large_image","twitter_misc":{"\u00c9crit par":"Sandy","Dur\u00e9e de lecture estim\u00e9e":"2 minutes"},"schema":{"@context":"https:\/\/schema.org","@graph":[{"@type":"Article","@id":"https:\/\/lejournaldesandy.fr\/?p=2575#article","isPartOf":{"@id":"https:\/\/lejournaldesandy.fr\/?p=2575"},"author":{"name":"Sandy","@id":"https:\/\/lejournaldesandy.fr\/#\/schema\/person\/3ac659e98587e504c234a67a929b1c43"},"headline":"Maire d\u2019Estevelles\u00a0Estelle Szabo","datePublished":"2024-07-26T05:54:28+00:00","mainEntityOfPage":{"@id":"https:\/\/lejournaldesandy.fr\/?p=2575"},"wordCount":247,"publisher":{"@id":"https:\/\/lejournaldesandy.fr\/#\/schema\/person\/3ac659e98587e504c234a67a929b1c43"},"image":{"@id":"https:\/\/lejournaldesandy.fr\/?p=2575#primaryimage"},"thumbnailUrl":"https:\/\/i0.wp.com\/lejournaldesandy.fr\/wp-content\/uploads\/2024\/07\/Ville-dEstevelle.png?fit=600%2C600&ssl=1","articleSection":["Articles"],"inLanguage":"fr-FR"},{"@type":"WebPage","@id":"https:\/\/lejournaldesandy.fr\/?p=2575","url":"https:\/\/lejournaldesandy.fr\/?p=2575","name":"Maire d\u2019Estevelles\u00a0Estelle Szabo - le journal de Sandy","isPartOf":{"@id":"https:\/\/lejournaldesandy.fr\/#website"},"primaryImageOfPage":{"@id":"https:\/\/lejournaldesandy.fr\/?p=2575#primaryimage"},"image":{"@id":"https:\/\/lejournaldesandy.fr\/?p=2575#primaryimage"},"thumbnailUrl":"https:\/\/i0.wp.com\/lejournaldesandy.fr\/wp-content\/uploads\/2024\/07\/Ville-dEstevelle.png?fit=600%2C600&ssl=1","datePublished":"2024-07-26T05:54:28+00:00","description":"La maire d\u2019Estevelles\u00a0Estelle Szabo (Pas-de-Calais), \u00e9lue en tant qu\u2019homme depuis 22 ans, et engag\u00e9e dans un parcours de\u00a0transition de genre","breadcrumb":{"@id":"https:\/\/lejournaldesandy.fr\/?p=2575#breadcrumb"},"inLanguage":"fr-FR","potentialAction":[{"@type":"ReadAction","target":["https:\/\/lejournaldesandy.fr\/?p=2575"]}]},{"@type":"ImageObject","inLanguage":"fr-FR","@id":"https:\/\/lejournaldesandy.fr\/?p=2575#primaryimage","url":"https:\/\/i0.wp.com\/lejournaldesandy.fr\/wp-content\/uploads\/2024\/07\/Ville-dEstevelle.png?fit=600%2C600&ssl=1","contentUrl":"https:\/\/i0.wp.com\/lejournaldesandy.fr\/wp-content\/uploads\/2024\/07\/Ville-dEstevelle.png?fit=600%2C600&ssl=1","width":600,"height":600},{"@type":"BreadcrumbList","@id":"https:\/\/lejournaldesandy.fr\/?p=2575#breadcrumb","itemListElement":[{"@type":"ListItem","position":1,"name":"Accueil","item":"https:\/\/lejournaldesandy.fr\/"},{"@type":"ListItem","position":2,"name":"Maire d\u2019Estevelles\u00a0Estelle Szabo"}]},{"@type":"WebSite","@id":"https:\/\/lejournaldesandy.fr\/#website","url":"https:\/\/lejournaldesandy.fr\/","name":"le journal de Sandy","description":"biographie; transition; MtF","publisher":{"@id":"https:\/\/lejournaldesandy.fr\/#\/schema\/person\/3ac659e98587e504c234a67a929b1c43"},"potentialAction":[{"@type":"SearchAction","target":{"@type":"EntryPoint","urlTemplate":"https:\/\/lejournaldesandy.fr\/?s={search_term_string}"},"query-input":{"@type":"PropertyValueSpecification","valueRequired":true,"valueName":"search_term_string"}}],"inLanguage":"fr-FR"},{"@type":["Person","Organization"],"@id":"https:\/\/lejournaldesandy.fr\/#\/schema\/person\/3ac659e98587e504c234a67a929b1c43","name":"Sandy","image":{"@type":"ImageObject","inLanguage":"fr-FR","@id":"https:\/\/i0.wp.com\/lejournaldesandy.fr\/wp-content\/uploads\/2023\/12\/cropped-Logo-2048-Copie-Petite-Icone-site.png?fit=512%2C512&ssl=1","url":"https:\/\/i0.wp.com\/lejournaldesandy.fr\/wp-content\/uploads\/2023\/12\/cropped-Logo-2048-Copie-Petite-Icone-site.png?fit=512%2C512&ssl=1","contentUrl":"https:\/\/i0.wp.com\/lejournaldesandy.fr\/wp-content\/uploads\/2023\/12\/cropped-Logo-2048-Copie-Petite-Icone-site.png?fit=512%2C512&ssl=1","width":512,"height":512,"caption":"Sandy"},"logo":{"@id":"https:\/\/i0.wp.com\/lejournaldesandy.fr\/wp-content\/uploads\/2023\/12\/cropped-Logo-2048-Copie-Petite-Icone-site.png?fit=512%2C512&ssl=1"},"sameAs":["http:\/\/lejournaldesandy.fr"],"url":"https:\/\/lejournaldesandy.fr\/?author=1"}]}},"jetpack_featured_media_url":"https:\/\/i0.wp.com\/lejournaldesandy.fr\/wp-content\/uploads\/2024\/07\/Ville-dEstevelle.png?fit=600%2C600&ssl=1","jetpack_sharing_enabled":true,"jetpack_likes_enabled":true,"_links":{"self":[{"href":"https:\/\/lejournaldesandy.fr\/index.php?rest_route=\/wp\/v2\/posts\/2575","targetHints":{"allow":["GET"]}}],"collection":[{"href":"https:\/\/lejournaldesandy.fr\/index.php?rest_route=\/wp\/v2\/posts"}],"about":[{"href":"https:\/\/lejournaldesandy.fr\/index.php?rest_route=\/wp\/v2\/types\/post"}],"author":[{"embeddable":true,"href":"https:\/\/lejournaldesandy.fr\/index.php?rest_route=\/wp\/v2\/users\/1"}],"replies":[{"embeddable":true,"href":"https:\/\/lejournaldesandy.fr\/index.php?rest_route=%2Fwp%2Fv2%2Fcomments&post=2575"}],"version-history":[{"count":7,"href":"https:\/\/lejournaldesandy.fr\/index.php?rest_route=\/wp\/v2\/posts\/2575\/revisions"}],"predecessor-version":[{"id":2639,"href":"https:\/\/lejournaldesandy.fr\/index.php?rest_route=\/wp\/v2\/posts\/2575\/revisions\/2639"}],"wp:featuredmedia":[{"embeddable":true,"href":"https:\/\/lejournaldesandy.fr\/index.php?rest_route=\/wp\/v2\/media\/2574"}],"wp:attachment":[{"href":"https:\/\/lejournaldesandy.fr\/index.php?rest_route=%2Fwp%2Fv2%2Fmedia&parent=2575"}],"wp:term":[{"taxonomy":"category","embeddable":true,"href":"https:\/\/lejournaldesandy.fr\/index.php?rest_route=%2Fwp%2Fv2%2Fcategories&post=2575"},{"taxonomy":"post_tag","embeddable":true,"href":"https:\/\/lejournaldesandy.fr\/index.php?rest_route=%2Fwp%2Fv2%2Ftags&post=2575"}],"curies":[{"name":"wp","href":"https:\/\/api.w.org\/{rel}","templated":true}]}}