{"id":2721,"date":"2024-08-30T08:56:02","date_gmt":"2024-08-30T06:56:02","guid":{"rendered":"https:\/\/lejournaldesandy.fr\/?p=2721"},"modified":"2024-12-26T15:58:08","modified_gmt":"2024-12-26T14:58:08","slug":"histoire-de-la-transidentite","status":"publish","type":"post","link":"https:\/\/lejournaldesandy.fr\/?p=2721","title":{"rendered":"Histoire de la transidentit\u00e9"},"content":{"rendered":"\n<p class=\"wp-block-paragraph\">Un voyage \u00e0 travers les si\u00e8cles : \u00ab\u00a0L&rsquo;histoire de la transidentit\u00e9\u00a0\u00bb. La transidentit\u00e9, la conscience d&rsquo;avoir un genre diff\u00e9rent de celui qui nous a \u00e9t\u00e9 assign\u00e9 \u00e0 la naissance, est une r\u00e9alit\u00e9 humaine qui traverse les \u00e9poques. Ce n&rsquo;est pas un ph\u00e9nom\u00e8ne nouveau, mais un r\u00e9cit qui se tisse \u00e0 travers les cultures et les si\u00e8cles. Plongeons nous dans l&rsquo;histoire de la transidentit\u00e9 et d\u00e9couvrons comment elle a \u00e9t\u00e9 per\u00e7ue et v\u00e9cue au fil du temps.<\/p>\n\n\n\n<p class=\"wp-block-paragraph\">\u00c0 travers cette page, Wikip\u00e9dia nous emm\u00e8ne dans cette histoire de la transidentit\u00e9 souvent m\u00e9connue.<\/p>\n\n\n\n<p class=\"wp-block-paragraph\">Bonne lecture \ud83d\ude4f<\/p>\n\n\n\n<p class=\"wp-block-paragraph\">Source ==&gt; <a href=\"https:\/\/fr.wikipedia.org\/wiki\/Histoire_de_la_transidentit%C3%A9\" style=\"color:#FF33ED;\">Wikip\u00e9dia \u00ab\u00a0histoire de la transidentit\u00e9\u00a0\u00bb<\/a><\/p>\n\n\n<div class=\"wpforms-container wpforms-container-full wpforms-block wpforms-block-db59a2b9-b558-4281-961d-7ad84d3b880d wpforms-render-modern\" id=\"wpforms-1680\"><form id=\"wpforms-form-1680\" class=\"wpforms-validate wpforms-form wpforms-ajax-form\" data-formid=\"1680\" method=\"post\" enctype=\"multipart\/form-data\" action=\"\/index.php?rest_route=%2Fwp%2Fv2%2Fposts%2F2721\" data-token=\"e67ff2a1474d1f9e45ed005ff24155cd\" data-token-time=\"1777309705\"><noscript class=\"wpforms-error-noscript\">Veuillez activer JavaScript dans votre navigateur pour remplir ce formulaire.<\/noscript><div id=\"wpforms-error-noscript\" style=\"display: none;\">Veuillez activer JavaScript dans votre navigateur pour remplir ce formulaire.<\/div><div class=\"wpforms-field-container\"><div id=\"wpforms-1680-field_0-container\" class=\"wpforms-field wpforms-field-name body font-family comic sans ms\" data-field-id=\"0\"><fieldset><legend class=\"wpforms-field-label\">Pr\u00e9nom et nom<\/legend><div class=\"wpforms-field-row wpforms-field-medium\"><div class=\"wpforms-field-row-block wpforms-first wpforms-one-half\"><input type=\"text\" id=\"wpforms-1680-field_0\" class=\"wpforms-field-name-first\" name=\"wpforms[fields][0][first]\" aria-errormessage=\"wpforms-1680-field_0-error\" ><label for=\"wpforms-1680-field_0\" class=\"wpforms-field-sublabel after\">Pr\u00e9nom<\/label><\/div><div class=\"wpforms-field-row-block wpforms-one-half\"><input type=\"text\" id=\"wpforms-1680-field_0-last\" class=\"wpforms-field-name-last\" name=\"wpforms[fields][0][last]\" aria-errormessage=\"wpforms-1680-field_0-last-error\" ><label for=\"wpforms-1680-field_0-last\" class=\"wpforms-field-sublabel after\">Nom<\/label><\/div><\/div><\/fieldset><\/div><div id=\"wpforms-1680-field_4-container\" class=\"wpforms-field wpforms-field-text\" data-field-id=\"4\"><label class=\"wpforms-field-label\" for=\"wpforms-1680-field_4\">Pseudo<\/label><input type=\"text\" id=\"wpforms-1680-field_4\" class=\"wpforms-field-medium\" name=\"wpforms[fields][4]\" aria-errormessage=\"wpforms-1680-field_4-error\" ><\/div><div id=\"wpforms-1680-field_1-container\" class=\"wpforms-field wpforms-field-email body font-family comic sans ms\" data-field-id=\"1\"><label class=\"wpforms-field-label\" for=\"wpforms-1680-field_1\">Email <span class=\"wpforms-required-label\" aria-hidden=\"true\">*<\/span><\/label><input type=\"email\" id=\"wpforms-1680-field_1\" class=\"wpforms-field-medium wpforms-field-required\" name=\"wpforms[fields][1]\" spellcheck=\"false\" aria-errormessage=\"wpforms-1680-field_1-error\" required><\/div><div id=\"wpforms-1680-field_2-container\" class=\"wpforms-field wpforms-field-textarea body font-family comic sans ms\" data-field-id=\"2\"><label class=\"wpforms-field-label\" for=\"wpforms-1680-field_2\">Commentaire ou Message <span class=\"wpforms-required-label\" aria-hidden=\"true\">*<\/span><\/label><textarea id=\"wpforms-1680-field_2\" class=\"wpforms-field-medium wpforms-field-required\" name=\"wpforms[fields][2]\" aria-errormessage=\"wpforms-1680-field_2-error\" required><\/textarea><\/div><\/div><!-- .wpforms-field-container --><div class=\"wpforms-submit-container\" ><input type=\"hidden\" name=\"wpforms[id]\" value=\"1680\"><input type=\"hidden\" name=\"page_title\" value=\"\"><input type=\"hidden\" name=\"page_url\" value=\"https:\/\/lejournaldesandy.fr\/index.php?rest_route=\/wp\/v2\/posts\/2721\"><input type=\"hidden\" name=\"url_referer\" value=\"\"><button type=\"submit\" name=\"wpforms[submit]\" id=\"wpforms-submit-1680\" class=\"wpforms-submit\" data-alt-text=\"Sending...\" data-submit-text=\"envoyer\" aria-live=\"assertive\" value=\"wpforms-submit\">envoyer<\/button><img loading=\"lazy\" decoding=\"async\" src=\"https:\/\/lejournaldesandy.fr\/wp-content\/plugins\/wpforms-lite\/assets\/images\/submit-spin.svg\" class=\"wpforms-submit-spinner\" style=\"display: none;\" width=\"26\" height=\"26\" alt=\"Chargement en cours\"><\/div><\/form><\/div>  <!-- .wpforms-container -->","protected":false},"excerpt":{"rendered":"<p>Un voyage \u00e0 travers les si\u00e8cles : \u00ab\u00a0L&rsquo;histoire de la transidentit\u00e9\u00a0\u00bb. La transidentit\u00e9, la conscience d&rsquo;avoir un genre diff\u00e9rent de celui qui nous a \u00e9t\u00e9 assign\u00e9 \u00e0 la naissance, est une r\u00e9alit\u00e9 humaine qui traverse les \u00e9poques. Ce n&rsquo;est pas un ph\u00e9nom\u00e8ne nouveau, mais un r\u00e9cit qui se tisse \u00e0 travers les cultures et les&hellip; <br \/> <a class=\"read-more\" href=\"https:\/\/lejournaldesandy.fr\/?p=2721\">Lire la suite<\/a><\/p>\n","protected":false},"author":1,"featured_media":2720,"comment_status":"closed","ping_status":"closed","sticky":false,"template":"","format":"standard","meta":{"_crdt_document":"","_jetpack_memberships_contains_paid_content":false,"footnotes":""},"categories":[17],"tags":[],"class_list":["post-2721","post","type-post","status-publish","format-standard","has-post-thumbnail","hentry","category-articles"],"yoast_head":"<!-- This site is optimized with the Yoast SEO plugin v27.4 - https:\/\/yoast.com\/product\/yoast-seo-wordpress\/ -->\n<title>Histoire de la transidentit\u00e9 le journal de Sandy<\/title>\n<meta name=\"description\" content=\"L&#039;histoire de la transidentit\u00e9, la conscience d&#039;avoir un genre diff\u00e9rent de celui qui nous a \u00e9t\u00e9 assign\u00e9 \u00e0 la naissance\" \/>\n<meta name=\"robots\" content=\"index, follow, max-snippet:-1, max-image-preview:large, max-video-preview:-1\" \/>\n<link rel=\"canonical\" href=\"https:\/\/lejournaldesandy.fr\/?p=2721\" \/>\n<meta property=\"og:locale\" content=\"fr_FR\" \/>\n<meta property=\"og:type\" content=\"article\" \/>\n<meta property=\"og:title\" content=\"Histoire de la transidentit\u00e9 le journal de Sandy\" \/>\n<meta property=\"og:description\" content=\"L&#039;histoire de la transidentit\u00e9, la conscience d&#039;avoir un genre diff\u00e9rent de celui qui nous a \u00e9t\u00e9 assign\u00e9 \u00e0 la naissance\" \/>\n<meta property=\"og:url\" content=\"https:\/\/lejournaldesandy.fr\/?p=2721\" \/>\n<meta property=\"og:site_name\" content=\"le journal de Sandy\" \/>\n<meta property=\"article:published_time\" content=\"2024-08-30T06:56:02+00:00\" \/>\n<meta property=\"article:modified_time\" content=\"2024-12-26T14:58:08+00:00\" \/>\n<meta property=\"og:image\" content=\"https:\/\/lejournaldesandy.fr\/wp-content\/uploads\/2024\/08\/Lhistoire-de-la-transidentite.png\" \/>\n\t<meta property=\"og:image:width\" content=\"600\" \/>\n\t<meta property=\"og:image:height\" content=\"600\" \/>\n\t<meta property=\"og:image:type\" content=\"image\/png\" \/>\n<meta name=\"author\" content=\"Sandy\" \/>\n<meta name=\"twitter:card\" content=\"summary_large_image\" \/>\n<meta name=\"twitter:label1\" content=\"\u00c9crit par\" \/>\n\t<meta name=\"twitter:data1\" content=\"Sandy\" \/>\n\t<meta name=\"twitter:label2\" content=\"Dur\u00e9e de lecture estim\u00e9e\" \/>\n\t<meta name=\"twitter:data2\" content=\"1 minute\" \/>\n<script type=\"application\/ld+json\" class=\"yoast-schema-graph\">{\"@context\":\"https:\\\/\\\/schema.org\",\"@graph\":[{\"@type\":\"Article\",\"@id\":\"https:\\\/\\\/lejournaldesandy.fr\\\/?p=2721#article\",\"isPartOf\":{\"@id\":\"https:\\\/\\\/lejournaldesandy.fr\\\/?p=2721\"},\"author\":{\"name\":\"Sandy\",\"@id\":\"https:\\\/\\\/lejournaldesandy.fr\\\/#\\\/schema\\\/person\\\/3ac659e98587e504c234a67a929b1c43\"},\"headline\":\"Histoire de la transidentit\u00e9\",\"datePublished\":\"2024-08-30T06:56:02+00:00\",\"dateModified\":\"2024-12-26T14:58:08+00:00\",\"mainEntityOfPage\":{\"@id\":\"https:\\\/\\\/lejournaldesandy.fr\\\/?p=2721\"},\"wordCount\":117,\"publisher\":{\"@id\":\"https:\\\/\\\/lejournaldesandy.fr\\\/#\\\/schema\\\/person\\\/3ac659e98587e504c234a67a929b1c43\"},\"image\":{\"@id\":\"https:\\\/\\\/lejournaldesandy.fr\\\/?p=2721#primaryimage\"},\"thumbnailUrl\":\"https:\\\/\\\/i0.wp.com\\\/lejournaldesandy.fr\\\/wp-content\\\/uploads\\\/2024\\\/08\\\/Lhistoire-de-la-transidentite.png?fit=600%2C600&ssl=1\",\"articleSection\":[\"Articles\"],\"inLanguage\":\"fr-FR\"},{\"@type\":\"WebPage\",\"@id\":\"https:\\\/\\\/lejournaldesandy.fr\\\/?p=2721\",\"url\":\"https:\\\/\\\/lejournaldesandy.fr\\\/?p=2721\",\"name\":\"Histoire de la transidentit\u00e9 le journal de Sandy\",\"isPartOf\":{\"@id\":\"https:\\\/\\\/lejournaldesandy.fr\\\/#website\"},\"primaryImageOfPage\":{\"@id\":\"https:\\\/\\\/lejournaldesandy.fr\\\/?p=2721#primaryimage\"},\"image\":{\"@id\":\"https:\\\/\\\/lejournaldesandy.fr\\\/?p=2721#primaryimage\"},\"thumbnailUrl\":\"https:\\\/\\\/i0.wp.com\\\/lejournaldesandy.fr\\\/wp-content\\\/uploads\\\/2024\\\/08\\\/Lhistoire-de-la-transidentite.png?fit=600%2C600&ssl=1\",\"datePublished\":\"2024-08-30T06:56:02+00:00\",\"dateModified\":\"2024-12-26T14:58:08+00:00\",\"description\":\"L'histoire de la transidentit\u00e9, la conscience d'avoir un genre diff\u00e9rent de celui qui nous a \u00e9t\u00e9 assign\u00e9 \u00e0 la naissance\",\"breadcrumb\":{\"@id\":\"https:\\\/\\\/lejournaldesandy.fr\\\/?p=2721#breadcrumb\"},\"inLanguage\":\"fr-FR\",\"potentialAction\":[{\"@type\":\"ReadAction\",\"target\":[\"https:\\\/\\\/lejournaldesandy.fr\\\/?p=2721\"]}]},{\"@type\":\"ImageObject\",\"inLanguage\":\"fr-FR\",\"@id\":\"https:\\\/\\\/lejournaldesandy.fr\\\/?p=2721#primaryimage\",\"url\":\"https:\\\/\\\/i0.wp.com\\\/lejournaldesandy.fr\\\/wp-content\\\/uploads\\\/2024\\\/08\\\/Lhistoire-de-la-transidentite.png?fit=600%2C600&ssl=1\",\"contentUrl\":\"https:\\\/\\\/i0.wp.com\\\/lejournaldesandy.fr\\\/wp-content\\\/uploads\\\/2024\\\/08\\\/Lhistoire-de-la-transidentite.png?fit=600%2C600&ssl=1\",\"width\":600,\"height\":600},{\"@type\":\"BreadcrumbList\",\"@id\":\"https:\\\/\\\/lejournaldesandy.fr\\\/?p=2721#breadcrumb\",\"itemListElement\":[{\"@type\":\"ListItem\",\"position\":1,\"name\":\"Accueil\",\"item\":\"https:\\\/\\\/lejournaldesandy.fr\\\/\"},{\"@type\":\"ListItem\",\"position\":2,\"name\":\"Histoire de la transidentit\u00e9\"}]},{\"@type\":\"WebSite\",\"@id\":\"https:\\\/\\\/lejournaldesandy.fr\\\/#website\",\"url\":\"https:\\\/\\\/lejournaldesandy.fr\\\/\",\"name\":\"le journal de Sandy\",\"description\":\"biographie; transition; MtF\",\"publisher\":{\"@id\":\"https:\\\/\\\/lejournaldesandy.fr\\\/#\\\/schema\\\/person\\\/3ac659e98587e504c234a67a929b1c43\"},\"potentialAction\":[{\"@type\":\"SearchAction\",\"target\":{\"@type\":\"EntryPoint\",\"urlTemplate\":\"https:\\\/\\\/lejournaldesandy.fr\\\/?s={search_term_string}\"},\"query-input\":{\"@type\":\"PropertyValueSpecification\",\"valueRequired\":true,\"valueName\":\"search_term_string\"}}],\"inLanguage\":\"fr-FR\"},{\"@type\":[\"Person\",\"Organization\"],\"@id\":\"https:\\\/\\\/lejournaldesandy.fr\\\/#\\\/schema\\\/person\\\/3ac659e98587e504c234a67a929b1c43\",\"name\":\"Sandy\",\"image\":{\"@type\":\"ImageObject\",\"inLanguage\":\"fr-FR\",\"@id\":\"https:\\\/\\\/i0.wp.com\\\/lejournaldesandy.fr\\\/wp-content\\\/uploads\\\/2023\\\/12\\\/cropped-Logo-2048-Copie-Petite-Icone-site.png?fit=512%2C512&ssl=1\",\"url\":\"https:\\\/\\\/i0.wp.com\\\/lejournaldesandy.fr\\\/wp-content\\\/uploads\\\/2023\\\/12\\\/cropped-Logo-2048-Copie-Petite-Icone-site.png?fit=512%2C512&ssl=1\",\"contentUrl\":\"https:\\\/\\\/i0.wp.com\\\/lejournaldesandy.fr\\\/wp-content\\\/uploads\\\/2023\\\/12\\\/cropped-Logo-2048-Copie-Petite-Icone-site.png?fit=512%2C512&ssl=1\",\"width\":512,\"height\":512,\"caption\":\"Sandy\"},\"logo\":{\"@id\":\"https:\\\/\\\/i0.wp.com\\\/lejournaldesandy.fr\\\/wp-content\\\/uploads\\\/2023\\\/12\\\/cropped-Logo-2048-Copie-Petite-Icone-site.png?fit=512%2C512&ssl=1\"},\"sameAs\":[\"http:\\\/\\\/lejournaldesandy.fr\"],\"url\":\"https:\\\/\\\/lejournaldesandy.fr\\\/?author=1\"}]}<\/script>\n<!-- \/ Yoast SEO plugin. -->","yoast_head_json":{"title":"Histoire de la transidentit\u00e9 le journal de Sandy","description":"L'histoire de la transidentit\u00e9, la conscience d'avoir un genre diff\u00e9rent de celui qui nous a \u00e9t\u00e9 assign\u00e9 \u00e0 la naissance","robots":{"index":"index","follow":"follow","max-snippet":"max-snippet:-1","max-image-preview":"max-image-preview:large","max-video-preview":"max-video-preview:-1"},"canonical":"https:\/\/lejournaldesandy.fr\/?p=2721","og_locale":"fr_FR","og_type":"article","og_title":"Histoire de la transidentit\u00e9 le journal de Sandy","og_description":"L'histoire de la transidentit\u00e9, la conscience d'avoir un genre diff\u00e9rent de celui qui nous a \u00e9t\u00e9 assign\u00e9 \u00e0 la naissance","og_url":"https:\/\/lejournaldesandy.fr\/?p=2721","og_site_name":"le journal de Sandy","article_published_time":"2024-08-30T06:56:02+00:00","article_modified_time":"2024-12-26T14:58:08+00:00","og_image":[{"width":600,"height":600,"url":"https:\/\/lejournaldesandy.fr\/wp-content\/uploads\/2024\/08\/Lhistoire-de-la-transidentite.png","type":"image\/png"}],"author":"Sandy","twitter_card":"summary_large_image","twitter_misc":{"\u00c9crit par":"Sandy","Dur\u00e9e de lecture estim\u00e9e":"1 minute"},"schema":{"@context":"https:\/\/schema.org","@graph":[{"@type":"Article","@id":"https:\/\/lejournaldesandy.fr\/?p=2721#article","isPartOf":{"@id":"https:\/\/lejournaldesandy.fr\/?p=2721"},"author":{"name":"Sandy","@id":"https:\/\/lejournaldesandy.fr\/#\/schema\/person\/3ac659e98587e504c234a67a929b1c43"},"headline":"Histoire de la transidentit\u00e9","datePublished":"2024-08-30T06:56:02+00:00","dateModified":"2024-12-26T14:58:08+00:00","mainEntityOfPage":{"@id":"https:\/\/lejournaldesandy.fr\/?p=2721"},"wordCount":117,"publisher":{"@id":"https:\/\/lejournaldesandy.fr\/#\/schema\/person\/3ac659e98587e504c234a67a929b1c43"},"image":{"@id":"https:\/\/lejournaldesandy.fr\/?p=2721#primaryimage"},"thumbnailUrl":"https:\/\/i0.wp.com\/lejournaldesandy.fr\/wp-content\/uploads\/2024\/08\/Lhistoire-de-la-transidentite.png?fit=600%2C600&ssl=1","articleSection":["Articles"],"inLanguage":"fr-FR"},{"@type":"WebPage","@id":"https:\/\/lejournaldesandy.fr\/?p=2721","url":"https:\/\/lejournaldesandy.fr\/?p=2721","name":"Histoire de la transidentit\u00e9 le journal de Sandy","isPartOf":{"@id":"https:\/\/lejournaldesandy.fr\/#website"},"primaryImageOfPage":{"@id":"https:\/\/lejournaldesandy.fr\/?p=2721#primaryimage"},"image":{"@id":"https:\/\/lejournaldesandy.fr\/?p=2721#primaryimage"},"thumbnailUrl":"https:\/\/i0.wp.com\/lejournaldesandy.fr\/wp-content\/uploads\/2024\/08\/Lhistoire-de-la-transidentite.png?fit=600%2C600&ssl=1","datePublished":"2024-08-30T06:56:02+00:00","dateModified":"2024-12-26T14:58:08+00:00","description":"L'histoire de la transidentit\u00e9, la conscience d'avoir un genre diff\u00e9rent de celui qui nous a \u00e9t\u00e9 assign\u00e9 \u00e0 la naissance","breadcrumb":{"@id":"https:\/\/lejournaldesandy.fr\/?p=2721#breadcrumb"},"inLanguage":"fr-FR","potentialAction":[{"@type":"ReadAction","target":["https:\/\/lejournaldesandy.fr\/?p=2721"]}]},{"@type":"ImageObject","inLanguage":"fr-FR","@id":"https:\/\/lejournaldesandy.fr\/?p=2721#primaryimage","url":"https:\/\/i0.wp.com\/lejournaldesandy.fr\/wp-content\/uploads\/2024\/08\/Lhistoire-de-la-transidentite.png?fit=600%2C600&ssl=1","contentUrl":"https:\/\/i0.wp.com\/lejournaldesandy.fr\/wp-content\/uploads\/2024\/08\/Lhistoire-de-la-transidentite.png?fit=600%2C600&ssl=1","width":600,"height":600},{"@type":"BreadcrumbList","@id":"https:\/\/lejournaldesandy.fr\/?p=2721#breadcrumb","itemListElement":[{"@type":"ListItem","position":1,"name":"Accueil","item":"https:\/\/lejournaldesandy.fr\/"},{"@type":"ListItem","position":2,"name":"Histoire de la transidentit\u00e9"}]},{"@type":"WebSite","@id":"https:\/\/lejournaldesandy.fr\/#website","url":"https:\/\/lejournaldesandy.fr\/","name":"le journal de Sandy","description":"biographie; transition; MtF","publisher":{"@id":"https:\/\/lejournaldesandy.fr\/#\/schema\/person\/3ac659e98587e504c234a67a929b1c43"},"potentialAction":[{"@type":"SearchAction","target":{"@type":"EntryPoint","urlTemplate":"https:\/\/lejournaldesandy.fr\/?s={search_term_string}"},"query-input":{"@type":"PropertyValueSpecification","valueRequired":true,"valueName":"search_term_string"}}],"inLanguage":"fr-FR"},{"@type":["Person","Organization"],"@id":"https:\/\/lejournaldesandy.fr\/#\/schema\/person\/3ac659e98587e504c234a67a929b1c43","name":"Sandy","image":{"@type":"ImageObject","inLanguage":"fr-FR","@id":"https:\/\/i0.wp.com\/lejournaldesandy.fr\/wp-content\/uploads\/2023\/12\/cropped-Logo-2048-Copie-Petite-Icone-site.png?fit=512%2C512&ssl=1","url":"https:\/\/i0.wp.com\/lejournaldesandy.fr\/wp-content\/uploads\/2023\/12\/cropped-Logo-2048-Copie-Petite-Icone-site.png?fit=512%2C512&ssl=1","contentUrl":"https:\/\/i0.wp.com\/lejournaldesandy.fr\/wp-content\/uploads\/2023\/12\/cropped-Logo-2048-Copie-Petite-Icone-site.png?fit=512%2C512&ssl=1","width":512,"height":512,"caption":"Sandy"},"logo":{"@id":"https:\/\/i0.wp.com\/lejournaldesandy.fr\/wp-content\/uploads\/2023\/12\/cropped-Logo-2048-Copie-Petite-Icone-site.png?fit=512%2C512&ssl=1"},"sameAs":["http:\/\/lejournaldesandy.fr"],"url":"https:\/\/lejournaldesandy.fr\/?author=1"}]}},"jetpack_featured_media_url":"https:\/\/i0.wp.com\/lejournaldesandy.fr\/wp-content\/uploads\/2024\/08\/Lhistoire-de-la-transidentite.png?fit=600%2C600&ssl=1","jetpack_sharing_enabled":true,"jetpack_likes_enabled":true,"_links":{"self":[{"href":"https:\/\/lejournaldesandy.fr\/index.php?rest_route=\/wp\/v2\/posts\/2721","targetHints":{"allow":["GET"]}}],"collection":[{"href":"https:\/\/lejournaldesandy.fr\/index.php?rest_route=\/wp\/v2\/posts"}],"about":[{"href":"https:\/\/lejournaldesandy.fr\/index.php?rest_route=\/wp\/v2\/types\/post"}],"author":[{"embeddable":true,"href":"https:\/\/lejournaldesandy.fr\/index.php?rest_route=\/wp\/v2\/users\/1"}],"replies":[{"embeddable":true,"href":"https:\/\/lejournaldesandy.fr\/index.php?rest_route=%2Fwp%2Fv2%2Fcomments&post=2721"}],"version-history":[{"count":3,"href":"https:\/\/lejournaldesandy.fr\/index.php?rest_route=\/wp\/v2\/posts\/2721\/revisions"}],"predecessor-version":[{"id":2830,"href":"https:\/\/lejournaldesandy.fr\/index.php?rest_route=\/wp\/v2\/posts\/2721\/revisions\/2830"}],"wp:featuredmedia":[{"embeddable":true,"href":"https:\/\/lejournaldesandy.fr\/index.php?rest_route=\/wp\/v2\/media\/2720"}],"wp:attachment":[{"href":"https:\/\/lejournaldesandy.fr\/index.php?rest_route=%2Fwp%2Fv2%2Fmedia&parent=2721"}],"wp:term":[{"taxonomy":"category","embeddable":true,"href":"https:\/\/lejournaldesandy.fr\/index.php?rest_route=%2Fwp%2Fv2%2Fcategories&post=2721"},{"taxonomy":"post_tag","embeddable":true,"href":"https:\/\/lejournaldesandy.fr\/index.php?rest_route=%2Fwp%2Fv2%2Ftags&post=2721"}],"curies":[{"name":"wp","href":"https:\/\/api.w.org\/{rel}","templated":true}]}}