{"id":2891,"date":"2025-06-10T22:40:20","date_gmt":"2025-06-10T20:40:20","guid":{"rendered":"https:\/\/lejournaldesandy.fr\/?p=2891"},"modified":"2025-06-10T23:13:43","modified_gmt":"2025-06-10T21:13:43","slug":"pride-2025-toulouse","status":"publish","type":"post","link":"https:\/\/lejournaldesandy.fr\/?p=2891","title":{"rendered":"Pride 2025 Toulouse"},"content":{"rendered":"\n<p class=\"wp-block-paragraph\"><\/p>\n\n\n\n<h3 class=\"wp-block-heading\">La Pride de Toulouse 2025 c\u00e9l\u00e8bre 30 ans de luttes et de fiert\u00e9<\/h3>\n\n\n\n<p class=\"wp-block-paragraph\">La <strong>30\u1d49 \u00e9dition de la Marche des Fiert\u00e9s de Toulouse<\/strong>, organis\u00e9e par <strong>PRIDE Toulouse<\/strong>, a rassembl\u00e9 une foule record le samedi <strong>7 juin 2025<\/strong>. Cet \u00e9v\u00e9nement embl\u00e9matique, autant militant que festif, a c\u00e9l\u00e9br\u00e9 trois d\u00e9cennies de combats pour les droits et la visibilit\u00e9 des personnes LGBTQI+.<\/p>\n\n\n\n<p class=\"wp-block-paragraph\">D\u00e8s le matin, la <strong>place du Capitole<\/strong> a accueilli un <strong>village associatif<\/strong> dynamique, rassemblant plus de <strong>40 structures<\/strong> (associations, institutions, collectifs). De <strong>10 h \u00e0 17 h 30<\/strong>, les visiteurs ont pu participer \u00e0 des ateliers cr\u00e9atifs, d\u00e9couvrir des stands d&rsquo;information et \u00e9changer autour des enjeux de sant\u00e9, de droits humains et de solidarit\u00e9. Ce moment fort a permis d\u2019ancrer la marche dans une d\u00e9marche d\u2019\u00e9ducation populaire et d\u2019engagement citoyen.<\/p>\n\n\n\n<p class=\"wp-block-paragraph\">\u00c0 <strong>14 h 30<\/strong>, la marche s\u2019est \u00e9lanc\u00e9e depuis le Capitole, rassemblant environ 35 000 personne<strong>s<\/strong> selon les organisateurs. Le cort\u00e8ge, color\u00e9 et joyeux, comptait 26 chars repr\u00e9sentant des associations, syndicats, commerces et artistes. Le parcours a travers\u00e9 les rues embl\u00e9matiques de Toulouse dans une ambiance rythm\u00e9e par la musique, les slogans engag\u00e9s et les performances artistiques.<\/p>\n\n\n\n<p class=\"wp-block-paragraph\">Cette \u00e9dition anniversaire portait haut le slogan <strong>\u00ab\u202f30 ans de marche, 30 ans de lutte\u202f\u00bb<\/strong>, incarn\u00e9 par une affiche inspir\u00e9e de l\u2019\u0153uvre <em>La Libert\u00e9 guidant le peuple<\/em>, mettant en lumi\u00e8re la diversit\u00e9 des luttes queer. Ce message a r\u00e9sonn\u00e9 tout au long du d\u00e9fil\u00e9 : la Pride reste un espace de revendications face aux discriminations persistantes.<\/p>\n\n\n\n<div class=\"wp-block-jetpack-slideshow aligncenter\" data-effect=\"slide\"><div class=\"wp-block-jetpack-slideshow_container swiper-container\"><ul class=\"wp-block-jetpack-slideshow_swiper-wrapper swiper-wrapper\"><li class=\"wp-block-jetpack-slideshow_slide swiper-slide\"><figure><img data-recalc-dims=\"1\" loading=\"lazy\" decoding=\"async\" width=\"768\" height=\"1024\" alt=\"\" class=\"wp-block-jetpack-slideshow_image wp-image-2912\" data-id=\"2912\" src=\"https:\/\/i0.wp.com\/lejournaldesandy.fr\/wp-content\/uploads\/2025\/06\/IMG_20250607_141522-2.jpg?resize=768%2C1024&#038;ssl=1\" srcset=\"https:\/\/i0.wp.com\/lejournaldesandy.fr\/wp-content\/uploads\/2025\/06\/IMG_20250607_141522-2-scaled.jpg?resize=768%2C1024&amp;ssl=1 768w, https:\/\/i0.wp.com\/lejournaldesandy.fr\/wp-content\/uploads\/2025\/06\/IMG_20250607_141522-2-scaled.jpg?resize=225%2C300&amp;ssl=1 225w, https:\/\/i0.wp.com\/lejournaldesandy.fr\/wp-content\/uploads\/2025\/06\/IMG_20250607_141522-2-scaled.jpg?resize=1152%2C1536&amp;ssl=1 1152w, https:\/\/i0.wp.com\/lejournaldesandy.fr\/wp-content\/uploads\/2025\/06\/IMG_20250607_141522-2-scaled.jpg?resize=1536%2C2048&amp;ssl=1 1536w, https:\/\/i0.wp.com\/lejournaldesandy.fr\/wp-content\/uploads\/2025\/06\/IMG_20250607_141522-2-scaled.jpg?resize=1024%2C1365&amp;ssl=1 1024w, https:\/\/i0.wp.com\/lejournaldesandy.fr\/wp-content\/uploads\/2025\/06\/IMG_20250607_141522-2-scaled.jpg?resize=810%2C1080&amp;ssl=1 810w, https:\/\/i0.wp.com\/lejournaldesandy.fr\/wp-content\/uploads\/2025\/06\/IMG_20250607_141522-2-scaled.jpg?resize=1320%2C1760&amp;ssl=1 1320w, https:\/\/i0.wp.com\/lejournaldesandy.fr\/wp-content\/uploads\/2025\/06\/IMG_20250607_141522-2-scaled.jpg?w=1920&amp;ssl=1 1920w\" sizes=\"(max-width: 768px) 100vw, 768px\" \/><\/figure><\/li><li class=\"wp-block-jetpack-slideshow_slide swiper-slide\"><figure><img data-recalc-dims=\"1\" loading=\"lazy\" decoding=\"async\" width=\"768\" height=\"1024\" alt=\"\" class=\"wp-block-jetpack-slideshow_image wp-image-2909\" data-id=\"2909\" src=\"https:\/\/i0.wp.com\/lejournaldesandy.fr\/wp-content\/uploads\/2025\/06\/IMG_20250607_153648-2.jpg?resize=768%2C1024&#038;ssl=1\" srcset=\"https:\/\/i0.wp.com\/lejournaldesandy.fr\/wp-content\/uploads\/2025\/06\/IMG_20250607_153648-2-scaled.jpg?resize=768%2C1024&amp;ssl=1 768w, https:\/\/i0.wp.com\/lejournaldesandy.fr\/wp-content\/uploads\/2025\/06\/IMG_20250607_153648-2-scaled.jpg?resize=225%2C300&amp;ssl=1 225w, https:\/\/i0.wp.com\/lejournaldesandy.fr\/wp-content\/uploads\/2025\/06\/IMG_20250607_153648-2-scaled.jpg?resize=1152%2C1536&amp;ssl=1 1152w, https:\/\/i0.wp.com\/lejournaldesandy.fr\/wp-content\/uploads\/2025\/06\/IMG_20250607_153648-2-scaled.jpg?resize=1536%2C2048&amp;ssl=1 1536w, https:\/\/i0.wp.com\/lejournaldesandy.fr\/wp-content\/uploads\/2025\/06\/IMG_20250607_153648-2-scaled.jpg?resize=1024%2C1365&amp;ssl=1 1024w, https:\/\/i0.wp.com\/lejournaldesandy.fr\/wp-content\/uploads\/2025\/06\/IMG_20250607_153648-2-scaled.jpg?resize=810%2C1080&amp;ssl=1 810w, https:\/\/i0.wp.com\/lejournaldesandy.fr\/wp-content\/uploads\/2025\/06\/IMG_20250607_153648-2-scaled.jpg?resize=1320%2C1760&amp;ssl=1 1320w, https:\/\/i0.wp.com\/lejournaldesandy.fr\/wp-content\/uploads\/2025\/06\/IMG_20250607_153648-2-scaled.jpg?w=1920&amp;ssl=1 1920w\" sizes=\"(max-width: 768px) 100vw, 768px\" \/><\/figure><\/li><li class=\"wp-block-jetpack-slideshow_slide swiper-slide\"><figure><img data-recalc-dims=\"1\" loading=\"lazy\" decoding=\"async\" width=\"768\" height=\"1024\" alt=\"\" class=\"wp-block-jetpack-slideshow_image wp-image-2911\" data-id=\"2911\" src=\"https:\/\/i0.wp.com\/lejournaldesandy.fr\/wp-content\/uploads\/2025\/06\/IMG_20250607_163619-2.jpg?resize=768%2C1024&#038;ssl=1\" srcset=\"https:\/\/i0.wp.com\/lejournaldesandy.fr\/wp-content\/uploads\/2025\/06\/IMG_20250607_163619-2-scaled.jpg?resize=768%2C1024&amp;ssl=1 768w, https:\/\/i0.wp.com\/lejournaldesandy.fr\/wp-content\/uploads\/2025\/06\/IMG_20250607_163619-2-scaled.jpg?resize=225%2C300&amp;ssl=1 225w, https:\/\/i0.wp.com\/lejournaldesandy.fr\/wp-content\/uploads\/2025\/06\/IMG_20250607_163619-2-scaled.jpg?resize=1152%2C1536&amp;ssl=1 1152w, https:\/\/i0.wp.com\/lejournaldesandy.fr\/wp-content\/uploads\/2025\/06\/IMG_20250607_163619-2-scaled.jpg?resize=1536%2C2048&amp;ssl=1 1536w, https:\/\/i0.wp.com\/lejournaldesandy.fr\/wp-content\/uploads\/2025\/06\/IMG_20250607_163619-2-scaled.jpg?resize=1024%2C1365&amp;ssl=1 1024w, https:\/\/i0.wp.com\/lejournaldesandy.fr\/wp-content\/uploads\/2025\/06\/IMG_20250607_163619-2-scaled.jpg?resize=810%2C1080&amp;ssl=1 810w, https:\/\/i0.wp.com\/lejournaldesandy.fr\/wp-content\/uploads\/2025\/06\/IMG_20250607_163619-2-scaled.jpg?resize=1320%2C1760&amp;ssl=1 1320w, https:\/\/i0.wp.com\/lejournaldesandy.fr\/wp-content\/uploads\/2025\/06\/IMG_20250607_163619-2-scaled.jpg?w=1920&amp;ssl=1 1920w\" sizes=\"(max-width: 768px) 100vw, 768px\" \/><\/figure><\/li><li class=\"wp-block-jetpack-slideshow_slide swiper-slide\"><figure><img data-recalc-dims=\"1\" loading=\"lazy\" decoding=\"async\" width=\"768\" height=\"1024\" alt=\"\" class=\"wp-block-jetpack-slideshow_image wp-image-2913\" data-id=\"2913\" src=\"https:\/\/i0.wp.com\/lejournaldesandy.fr\/wp-content\/uploads\/2025\/06\/IMG_20250607_165527-2.jpg?resize=768%2C1024&#038;ssl=1\" srcset=\"https:\/\/i0.wp.com\/lejournaldesandy.fr\/wp-content\/uploads\/2025\/06\/IMG_20250607_165527-2-scaled.jpg?resize=768%2C1024&amp;ssl=1 768w, https:\/\/i0.wp.com\/lejournaldesandy.fr\/wp-content\/uploads\/2025\/06\/IMG_20250607_165527-2-scaled.jpg?resize=225%2C300&amp;ssl=1 225w, https:\/\/i0.wp.com\/lejournaldesandy.fr\/wp-content\/uploads\/2025\/06\/IMG_20250607_165527-2-scaled.jpg?resize=1152%2C1536&amp;ssl=1 1152w, https:\/\/i0.wp.com\/lejournaldesandy.fr\/wp-content\/uploads\/2025\/06\/IMG_20250607_165527-2-scaled.jpg?resize=1536%2C2048&amp;ssl=1 1536w, https:\/\/i0.wp.com\/lejournaldesandy.fr\/wp-content\/uploads\/2025\/06\/IMG_20250607_165527-2-scaled.jpg?resize=1024%2C1365&amp;ssl=1 1024w, https:\/\/i0.wp.com\/lejournaldesandy.fr\/wp-content\/uploads\/2025\/06\/IMG_20250607_165527-2-scaled.jpg?resize=810%2C1080&amp;ssl=1 810w, https:\/\/i0.wp.com\/lejournaldesandy.fr\/wp-content\/uploads\/2025\/06\/IMG_20250607_165527-2-scaled.jpg?resize=1320%2C1760&amp;ssl=1 1320w, https:\/\/i0.wp.com\/lejournaldesandy.fr\/wp-content\/uploads\/2025\/06\/IMG_20250607_165527-2-scaled.jpg?w=1920&amp;ssl=1 1920w\" sizes=\"(max-width: 768px) 100vw, 768px\" \/><\/figure><\/li><li class=\"wp-block-jetpack-slideshow_slide swiper-slide\"><figure><img data-recalc-dims=\"1\" loading=\"lazy\" decoding=\"async\" width=\"1024\" height=\"768\" alt=\"\" class=\"wp-block-jetpack-slideshow_image wp-image-2910\" data-id=\"2910\" src=\"https:\/\/i0.wp.com\/lejournaldesandy.fr\/wp-content\/uploads\/2025\/06\/IMG_20250607_210112-2.jpg?resize=1024%2C768&#038;ssl=1\" srcset=\"https:\/\/i0.wp.com\/lejournaldesandy.fr\/wp-content\/uploads\/2025\/06\/IMG_20250607_210112-2-scaled.jpg?resize=1024%2C768&amp;ssl=1 1024w, https:\/\/i0.wp.com\/lejournaldesandy.fr\/wp-content\/uploads\/2025\/06\/IMG_20250607_210112-2-scaled.jpg?resize=300%2C225&amp;ssl=1 300w, https:\/\/i0.wp.com\/lejournaldesandy.fr\/wp-content\/uploads\/2025\/06\/IMG_20250607_210112-2-scaled.jpg?resize=768%2C576&amp;ssl=1 768w, https:\/\/i0.wp.com\/lejournaldesandy.fr\/wp-content\/uploads\/2025\/06\/IMG_20250607_210112-2-scaled.jpg?resize=1536%2C1152&amp;ssl=1 1536w, https:\/\/i0.wp.com\/lejournaldesandy.fr\/wp-content\/uploads\/2025\/06\/IMG_20250607_210112-2-scaled.jpg?resize=2048%2C1536&amp;ssl=1 2048w, https:\/\/i0.wp.com\/lejournaldesandy.fr\/wp-content\/uploads\/2025\/06\/IMG_20250607_210112-2-scaled.jpg?resize=1440%2C1080&amp;ssl=1 1440w, https:\/\/i0.wp.com\/lejournaldesandy.fr\/wp-content\/uploads\/2025\/06\/IMG_20250607_210112-2-scaled.jpg?resize=1320%2C990&amp;ssl=1 1320w\" sizes=\"(max-width: 1024px) 100vw, 1024px\" \/><\/figure><\/li><\/ul><a class=\"wp-block-jetpack-slideshow_button-prev swiper-button-prev swiper-button-white\" role=\"button\"><\/a><a class=\"wp-block-jetpack-slideshow_button-next swiper-button-next swiper-button-white\" role=\"button\"><\/a><a aria-label=\"Pause Slideshow\" class=\"wp-block-jetpack-slideshow_button-pause\" role=\"button\"><\/a><div class=\"wp-block-jetpack-slideshow_pagination swiper-pagination swiper-pagination-white\"><\/div><\/div><\/div>\n","protected":false},"excerpt":{"rendered":"<p>La Pride de Toulouse 2025 c\u00e9l\u00e8bre 30 ans de luttes et de fiert\u00e9 La 30\u1d49 \u00e9dition de la Marche des Fiert\u00e9s de Toulouse, organis\u00e9e par PRIDE Toulouse, a rassembl\u00e9 une foule record le samedi 7 juin 2025. Cet \u00e9v\u00e9nement embl\u00e9matique, autant militant que festif, a c\u00e9l\u00e9br\u00e9 trois d\u00e9cennies de combats pour les droits et la&hellip; <br \/> <a class=\"read-more\" href=\"https:\/\/lejournaldesandy.fr\/?p=2891\">Lire la suite<\/a><\/p>\n","protected":false},"author":1,"featured_media":2890,"comment_status":"closed","ping_status":"closed","sticky":false,"template":"","format":"standard","meta":{"_crdt_document":"","_jetpack_memberships_contains_paid_content":false,"footnotes":""},"categories":[17],"tags":[],"class_list":["post-2891","post","type-post","status-publish","format-standard","has-post-thumbnail","hentry","category-articles"],"yoast_head":"<!-- This site is optimized with the Yoast SEO plugin v27.4 - https:\/\/yoast.com\/product\/yoast-seo-wordpress\/ -->\n<title>Pride 2025 Toulouse - le journal de Sandy<\/title>\n<meta name=\"robots\" content=\"index, follow, max-snippet:-1, max-image-preview:large, max-video-preview:-1\" \/>\n<link rel=\"canonical\" href=\"https:\/\/lejournaldesandy.fr\/?p=2891\" \/>\n<meta property=\"og:locale\" content=\"fr_FR\" \/>\n<meta property=\"og:type\" content=\"article\" \/>\n<meta property=\"og:title\" content=\"Pride 2025 Toulouse - le journal de Sandy\" \/>\n<meta property=\"og:description\" content=\"La Pride de Toulouse 2025 c\u00e9l\u00e8bre 30 ans de luttes et de fiert\u00e9 La 30\u1d49 \u00e9dition de la Marche des Fiert\u00e9s de Toulouse, organis\u00e9e par PRIDE Toulouse, a rassembl\u00e9 une foule record le samedi 7 juin 2025. Cet \u00e9v\u00e9nement embl\u00e9matique, autant militant que festif, a c\u00e9l\u00e9br\u00e9 trois d\u00e9cennies de combats pour les droits et la&hellip; Lire la suite\" \/>\n<meta property=\"og:url\" content=\"https:\/\/lejournaldesandy.fr\/?p=2891\" \/>\n<meta property=\"og:site_name\" content=\"le journal de Sandy\" \/>\n<meta property=\"article:published_time\" content=\"2025-06-10T20:40:20+00:00\" \/>\n<meta property=\"article:modified_time\" content=\"2025-06-10T21:13:43+00:00\" \/>\n<meta property=\"og:image\" content=\"https:\/\/lejournaldesandy.fr\/wp-content\/uploads\/2025\/06\/Pride-2025-Toulouse.jpg\" \/>\n\t<meta property=\"og:image:width\" content=\"810\" \/>\n\t<meta property=\"og:image:height\" content=\"1080\" \/>\n\t<meta property=\"og:image:type\" content=\"image\/jpeg\" \/>\n<meta name=\"author\" content=\"Sandy\" \/>\n<meta name=\"twitter:card\" content=\"summary_large_image\" \/>\n<meta name=\"twitter:label1\" content=\"\u00c9crit par\" \/>\n\t<meta name=\"twitter:data1\" content=\"Sandy\" \/>\n\t<meta name=\"twitter:label2\" content=\"Dur\u00e9e de lecture estim\u00e9e\" \/>\n\t<meta name=\"twitter:data2\" content=\"3 minutes\" \/>\n<script type=\"application\/ld+json\" class=\"yoast-schema-graph\">{\"@context\":\"https:\\\/\\\/schema.org\",\"@graph\":[{\"@type\":\"Article\",\"@id\":\"https:\\\/\\\/lejournaldesandy.fr\\\/?p=2891#article\",\"isPartOf\":{\"@id\":\"https:\\\/\\\/lejournaldesandy.fr\\\/?p=2891\"},\"author\":{\"name\":\"Sandy\",\"@id\":\"https:\\\/\\\/lejournaldesandy.fr\\\/#\\\/schema\\\/person\\\/3ac659e98587e504c234a67a929b1c43\"},\"headline\":\"Pride 2025 Toulouse\",\"datePublished\":\"2025-06-10T20:40:20+00:00\",\"dateModified\":\"2025-06-10T21:13:43+00:00\",\"mainEntityOfPage\":{\"@id\":\"https:\\\/\\\/lejournaldesandy.fr\\\/?p=2891\"},\"wordCount\":253,\"publisher\":{\"@id\":\"https:\\\/\\\/lejournaldesandy.fr\\\/#\\\/schema\\\/person\\\/3ac659e98587e504c234a67a929b1c43\"},\"image\":{\"@id\":\"https:\\\/\\\/lejournaldesandy.fr\\\/?p=2891#primaryimage\"},\"thumbnailUrl\":\"https:\\\/\\\/i0.wp.com\\\/lejournaldesandy.fr\\\/wp-content\\\/uploads\\\/2025\\\/06\\\/Pride-2025-Toulouse.jpg?fit=810%2C1080&ssl=1\",\"articleSection\":[\"Articles\"],\"inLanguage\":\"fr-FR\"},{\"@type\":\"WebPage\",\"@id\":\"https:\\\/\\\/lejournaldesandy.fr\\\/?p=2891\",\"url\":\"https:\\\/\\\/lejournaldesandy.fr\\\/?p=2891\",\"name\":\"Pride 2025 Toulouse - le journal de Sandy\",\"isPartOf\":{\"@id\":\"https:\\\/\\\/lejournaldesandy.fr\\\/#website\"},\"primaryImageOfPage\":{\"@id\":\"https:\\\/\\\/lejournaldesandy.fr\\\/?p=2891#primaryimage\"},\"image\":{\"@id\":\"https:\\\/\\\/lejournaldesandy.fr\\\/?p=2891#primaryimage\"},\"thumbnailUrl\":\"https:\\\/\\\/i0.wp.com\\\/lejournaldesandy.fr\\\/wp-content\\\/uploads\\\/2025\\\/06\\\/Pride-2025-Toulouse.jpg?fit=810%2C1080&ssl=1\",\"datePublished\":\"2025-06-10T20:40:20+00:00\",\"dateModified\":\"2025-06-10T21:13:43+00:00\",\"breadcrumb\":{\"@id\":\"https:\\\/\\\/lejournaldesandy.fr\\\/?p=2891#breadcrumb\"},\"inLanguage\":\"fr-FR\",\"potentialAction\":[{\"@type\":\"ReadAction\",\"target\":[\"https:\\\/\\\/lejournaldesandy.fr\\\/?p=2891\"]}]},{\"@type\":\"ImageObject\",\"inLanguage\":\"fr-FR\",\"@id\":\"https:\\\/\\\/lejournaldesandy.fr\\\/?p=2891#primaryimage\",\"url\":\"https:\\\/\\\/i0.wp.com\\\/lejournaldesandy.fr\\\/wp-content\\\/uploads\\\/2025\\\/06\\\/Pride-2025-Toulouse.jpg?fit=810%2C1080&ssl=1\",\"contentUrl\":\"https:\\\/\\\/i0.wp.com\\\/lejournaldesandy.fr\\\/wp-content\\\/uploads\\\/2025\\\/06\\\/Pride-2025-Toulouse.jpg?fit=810%2C1080&ssl=1\",\"width\":810,\"height\":1080},{\"@type\":\"BreadcrumbList\",\"@id\":\"https:\\\/\\\/lejournaldesandy.fr\\\/?p=2891#breadcrumb\",\"itemListElement\":[{\"@type\":\"ListItem\",\"position\":1,\"name\":\"Accueil\",\"item\":\"https:\\\/\\\/lejournaldesandy.fr\\\/\"},{\"@type\":\"ListItem\",\"position\":2,\"name\":\"Pride 2025 Toulouse\"}]},{\"@type\":\"WebSite\",\"@id\":\"https:\\\/\\\/lejournaldesandy.fr\\\/#website\",\"url\":\"https:\\\/\\\/lejournaldesandy.fr\\\/\",\"name\":\"le journal de Sandy\",\"description\":\"biographie; transition; MtF\",\"publisher\":{\"@id\":\"https:\\\/\\\/lejournaldesandy.fr\\\/#\\\/schema\\\/person\\\/3ac659e98587e504c234a67a929b1c43\"},\"potentialAction\":[{\"@type\":\"SearchAction\",\"target\":{\"@type\":\"EntryPoint\",\"urlTemplate\":\"https:\\\/\\\/lejournaldesandy.fr\\\/?s={search_term_string}\"},\"query-input\":{\"@type\":\"PropertyValueSpecification\",\"valueRequired\":true,\"valueName\":\"search_term_string\"}}],\"inLanguage\":\"fr-FR\"},{\"@type\":[\"Person\",\"Organization\"],\"@id\":\"https:\\\/\\\/lejournaldesandy.fr\\\/#\\\/schema\\\/person\\\/3ac659e98587e504c234a67a929b1c43\",\"name\":\"Sandy\",\"image\":{\"@type\":\"ImageObject\",\"inLanguage\":\"fr-FR\",\"@id\":\"https:\\\/\\\/i0.wp.com\\\/lejournaldesandy.fr\\\/wp-content\\\/uploads\\\/2023\\\/12\\\/cropped-Logo-2048-Copie-Petite-Icone-site.png?fit=512%2C512&ssl=1\",\"url\":\"https:\\\/\\\/i0.wp.com\\\/lejournaldesandy.fr\\\/wp-content\\\/uploads\\\/2023\\\/12\\\/cropped-Logo-2048-Copie-Petite-Icone-site.png?fit=512%2C512&ssl=1\",\"contentUrl\":\"https:\\\/\\\/i0.wp.com\\\/lejournaldesandy.fr\\\/wp-content\\\/uploads\\\/2023\\\/12\\\/cropped-Logo-2048-Copie-Petite-Icone-site.png?fit=512%2C512&ssl=1\",\"width\":512,\"height\":512,\"caption\":\"Sandy\"},\"logo\":{\"@id\":\"https:\\\/\\\/i0.wp.com\\\/lejournaldesandy.fr\\\/wp-content\\\/uploads\\\/2023\\\/12\\\/cropped-Logo-2048-Copie-Petite-Icone-site.png?fit=512%2C512&ssl=1\"},\"sameAs\":[\"http:\\\/\\\/lejournaldesandy.fr\"],\"url\":\"https:\\\/\\\/lejournaldesandy.fr\\\/?author=1\"}]}<\/script>\n<!-- \/ Yoast SEO plugin. -->","yoast_head_json":{"title":"Pride 2025 Toulouse - le journal de Sandy","robots":{"index":"index","follow":"follow","max-snippet":"max-snippet:-1","max-image-preview":"max-image-preview:large","max-video-preview":"max-video-preview:-1"},"canonical":"https:\/\/lejournaldesandy.fr\/?p=2891","og_locale":"fr_FR","og_type":"article","og_title":"Pride 2025 Toulouse - le journal de Sandy","og_description":"La Pride de Toulouse 2025 c\u00e9l\u00e8bre 30 ans de luttes et de fiert\u00e9 La 30\u1d49 \u00e9dition de la Marche des Fiert\u00e9s de Toulouse, organis\u00e9e par PRIDE Toulouse, a rassembl\u00e9 une foule record le samedi 7 juin 2025. Cet \u00e9v\u00e9nement embl\u00e9matique, autant militant que festif, a c\u00e9l\u00e9br\u00e9 trois d\u00e9cennies de combats pour les droits et la&hellip; Lire la suite","og_url":"https:\/\/lejournaldesandy.fr\/?p=2891","og_site_name":"le journal de Sandy","article_published_time":"2025-06-10T20:40:20+00:00","article_modified_time":"2025-06-10T21:13:43+00:00","og_image":[{"width":810,"height":1080,"url":"https:\/\/lejournaldesandy.fr\/wp-content\/uploads\/2025\/06\/Pride-2025-Toulouse.jpg","type":"image\/jpeg"}],"author":"Sandy","twitter_card":"summary_large_image","twitter_misc":{"\u00c9crit par":"Sandy","Dur\u00e9e de lecture estim\u00e9e":"3 minutes"},"schema":{"@context":"https:\/\/schema.org","@graph":[{"@type":"Article","@id":"https:\/\/lejournaldesandy.fr\/?p=2891#article","isPartOf":{"@id":"https:\/\/lejournaldesandy.fr\/?p=2891"},"author":{"name":"Sandy","@id":"https:\/\/lejournaldesandy.fr\/#\/schema\/person\/3ac659e98587e504c234a67a929b1c43"},"headline":"Pride 2025 Toulouse","datePublished":"2025-06-10T20:40:20+00:00","dateModified":"2025-06-10T21:13:43+00:00","mainEntityOfPage":{"@id":"https:\/\/lejournaldesandy.fr\/?p=2891"},"wordCount":253,"publisher":{"@id":"https:\/\/lejournaldesandy.fr\/#\/schema\/person\/3ac659e98587e504c234a67a929b1c43"},"image":{"@id":"https:\/\/lejournaldesandy.fr\/?p=2891#primaryimage"},"thumbnailUrl":"https:\/\/i0.wp.com\/lejournaldesandy.fr\/wp-content\/uploads\/2025\/06\/Pride-2025-Toulouse.jpg?fit=810%2C1080&ssl=1","articleSection":["Articles"],"inLanguage":"fr-FR"},{"@type":"WebPage","@id":"https:\/\/lejournaldesandy.fr\/?p=2891","url":"https:\/\/lejournaldesandy.fr\/?p=2891","name":"Pride 2025 Toulouse - le journal de Sandy","isPartOf":{"@id":"https:\/\/lejournaldesandy.fr\/#website"},"primaryImageOfPage":{"@id":"https:\/\/lejournaldesandy.fr\/?p=2891#primaryimage"},"image":{"@id":"https:\/\/lejournaldesandy.fr\/?p=2891#primaryimage"},"thumbnailUrl":"https:\/\/i0.wp.com\/lejournaldesandy.fr\/wp-content\/uploads\/2025\/06\/Pride-2025-Toulouse.jpg?fit=810%2C1080&ssl=1","datePublished":"2025-06-10T20:40:20+00:00","dateModified":"2025-06-10T21:13:43+00:00","breadcrumb":{"@id":"https:\/\/lejournaldesandy.fr\/?p=2891#breadcrumb"},"inLanguage":"fr-FR","potentialAction":[{"@type":"ReadAction","target":["https:\/\/lejournaldesandy.fr\/?p=2891"]}]},{"@type":"ImageObject","inLanguage":"fr-FR","@id":"https:\/\/lejournaldesandy.fr\/?p=2891#primaryimage","url":"https:\/\/i0.wp.com\/lejournaldesandy.fr\/wp-content\/uploads\/2025\/06\/Pride-2025-Toulouse.jpg?fit=810%2C1080&ssl=1","contentUrl":"https:\/\/i0.wp.com\/lejournaldesandy.fr\/wp-content\/uploads\/2025\/06\/Pride-2025-Toulouse.jpg?fit=810%2C1080&ssl=1","width":810,"height":1080},{"@type":"BreadcrumbList","@id":"https:\/\/lejournaldesandy.fr\/?p=2891#breadcrumb","itemListElement":[{"@type":"ListItem","position":1,"name":"Accueil","item":"https:\/\/lejournaldesandy.fr\/"},{"@type":"ListItem","position":2,"name":"Pride 2025 Toulouse"}]},{"@type":"WebSite","@id":"https:\/\/lejournaldesandy.fr\/#website","url":"https:\/\/lejournaldesandy.fr\/","name":"le journal de Sandy","description":"biographie; transition; MtF","publisher":{"@id":"https:\/\/lejournaldesandy.fr\/#\/schema\/person\/3ac659e98587e504c234a67a929b1c43"},"potentialAction":[{"@type":"SearchAction","target":{"@type":"EntryPoint","urlTemplate":"https:\/\/lejournaldesandy.fr\/?s={search_term_string}"},"query-input":{"@type":"PropertyValueSpecification","valueRequired":true,"valueName":"search_term_string"}}],"inLanguage":"fr-FR"},{"@type":["Person","Organization"],"@id":"https:\/\/lejournaldesandy.fr\/#\/schema\/person\/3ac659e98587e504c234a67a929b1c43","name":"Sandy","image":{"@type":"ImageObject","inLanguage":"fr-FR","@id":"https:\/\/i0.wp.com\/lejournaldesandy.fr\/wp-content\/uploads\/2023\/12\/cropped-Logo-2048-Copie-Petite-Icone-site.png?fit=512%2C512&ssl=1","url":"https:\/\/i0.wp.com\/lejournaldesandy.fr\/wp-content\/uploads\/2023\/12\/cropped-Logo-2048-Copie-Petite-Icone-site.png?fit=512%2C512&ssl=1","contentUrl":"https:\/\/i0.wp.com\/lejournaldesandy.fr\/wp-content\/uploads\/2023\/12\/cropped-Logo-2048-Copie-Petite-Icone-site.png?fit=512%2C512&ssl=1","width":512,"height":512,"caption":"Sandy"},"logo":{"@id":"https:\/\/i0.wp.com\/lejournaldesandy.fr\/wp-content\/uploads\/2023\/12\/cropped-Logo-2048-Copie-Petite-Icone-site.png?fit=512%2C512&ssl=1"},"sameAs":["http:\/\/lejournaldesandy.fr"],"url":"https:\/\/lejournaldesandy.fr\/?author=1"}]}},"jetpack_featured_media_url":"https:\/\/i0.wp.com\/lejournaldesandy.fr\/wp-content\/uploads\/2025\/06\/Pride-2025-Toulouse.jpg?fit=810%2C1080&ssl=1","jetpack_sharing_enabled":true,"jetpack_likes_enabled":true,"_links":{"self":[{"href":"https:\/\/lejournaldesandy.fr\/index.php?rest_route=\/wp\/v2\/posts\/2891","targetHints":{"allow":["GET"]}}],"collection":[{"href":"https:\/\/lejournaldesandy.fr\/index.php?rest_route=\/wp\/v2\/posts"}],"about":[{"href":"https:\/\/lejournaldesandy.fr\/index.php?rest_route=\/wp\/v2\/types\/post"}],"author":[{"embeddable":true,"href":"https:\/\/lejournaldesandy.fr\/index.php?rest_route=\/wp\/v2\/users\/1"}],"replies":[{"embeddable":true,"href":"https:\/\/lejournaldesandy.fr\/index.php?rest_route=%2Fwp%2Fv2%2Fcomments&post=2891"}],"version-history":[{"count":5,"href":"https:\/\/lejournaldesandy.fr\/index.php?rest_route=\/wp\/v2\/posts\/2891\/revisions"}],"predecessor-version":[{"id":2914,"href":"https:\/\/lejournaldesandy.fr\/index.php?rest_route=\/wp\/v2\/posts\/2891\/revisions\/2914"}],"wp:featuredmedia":[{"embeddable":true,"href":"https:\/\/lejournaldesandy.fr\/index.php?rest_route=\/wp\/v2\/media\/2890"}],"wp:attachment":[{"href":"https:\/\/lejournaldesandy.fr\/index.php?rest_route=%2Fwp%2Fv2%2Fmedia&parent=2891"}],"wp:term":[{"taxonomy":"category","embeddable":true,"href":"https:\/\/lejournaldesandy.fr\/index.php?rest_route=%2Fwp%2Fv2%2Fcategories&post=2891"},{"taxonomy":"post_tag","embeddable":true,"href":"https:\/\/lejournaldesandy.fr\/index.php?rest_route=%2Fwp%2Fv2%2Ftags&post=2891"}],"curies":[{"name":"wp","href":"https:\/\/api.w.org\/{rel}","templated":true}]}}