{"id":2968,"date":"2025-07-17T14:42:17","date_gmt":"2025-07-17T12:42:17","guid":{"rendered":"https:\/\/lejournaldesandy.fr\/?p=2968"},"modified":"2025-08-07T04:32:53","modified_gmt":"2025-08-07T02:32:53","slug":"droits-des-personnes-transgenres","status":"publish","type":"post","link":"https:\/\/lejournaldesandy.fr\/?p=2968","title":{"rendered":"Droits des personnes transgenres"},"content":{"rendered":"\n<p class=\"wp-block-paragraph\"><strong>\u00c0 l\u2019occasion du Mois des Fiert\u00e9s, le 17 juin 2025, la D\u00e9fenseure des droits publie une nouvelle d\u00e9cision-cadre d\u00e9di\u00e9e au respect de l\u2019identit\u00e9 de genre des personnes transgenres.<\/strong><br>Ce document vient actualiser et enrichir la d\u00e9cision-cadre publi\u00e9e en 2020, en r\u00e9affirmant l\u2019engagement de l\u2019institution en faveur des droits des personnes trans et en proposant des recommandations renforc\u00e9es pour garantir leur \u00e9galit\u00e9 et leur dignit\u00e9.<\/p>\n\n\n\n<p class=\"wp-block-paragraph\">Retrouvez l&rsquo;article en suivant ce lien :<\/p>\n\n\n\n<p class=\"wp-block-paragraph\"><a href=\"https:\/\/www.defenseurdesdroits.fr\/droits-des-personnes-transgenres-la-defenseure-des-droits-publie-une-nouvelle-decision-cadre-891\" style=\"color:#FF33ED;\" target=\"_blank\">https:\/\/www.defenseurdesdroits.fr\/droits-des-personnes-transgenres-la-defenseure-des-droits-publie-une-nouvelle-decision-cadre-891<\/a><\/p>\n\n\n\n<p class=\"wp-block-paragraph\">D\u00e9cision-cadre 2025-112 du 16 juin 2025 relative au respect de l\u2019identit\u00e9 de genre des personnes transgenres<\/p>\n\n\n\n<p class=\"wp-block-paragraph\"><a href=\"https:\/\/juridique.defenseurdesdroits.fr\/index.php?lvl=notice_display&amp;id=55224#:~:text=%2D%20estime%20que%20l'identit%C3%A9%20de,dans%20lequel%20elle%20est%20d%C3%A9tenue.\" style=\"color:#FF33ED;\" target=\"_blank\">https:\/\/juridique.defenseurdesdroits.fr\/index.php?lvl=notice_display&amp;id=55224#:~:text=%2D%20estime%20que%20l&rsquo;identit%C3%A9%20de,dans%20lequel%20elle%20est%20d%C3%A9tenue.<\/a><\/p>\n\n\n\n<hr class=\"wp-block-separator has-alpha-channel-opacity\"\/>\n\n\n\n<p class=\"wp-block-paragraph\">Source: \u27a1\ufe0f  <a href=\"https:\/\/www.defenseurdesdroits.fr\/\" style=\"color:#FF33ED;\" target=\"_blank\">defenseurdesdroits.fr<\/a><\/p>\n\n\n\n<p class=\"wp-block-paragraph\"><\/p>\n","protected":false},"excerpt":{"rendered":"<p>\u00c0 l\u2019occasion du Mois des Fiert\u00e9s, le 17 juin 2025, la D\u00e9fenseure des droits publie une nouvelle d\u00e9cision-cadre d\u00e9di\u00e9e au respect de l\u2019identit\u00e9 de genre des personnes transgenres.Ce document vient actualiser et enrichir la d\u00e9cision-cadre publi\u00e9e en 2020, en r\u00e9affirmant l\u2019engagement de l\u2019institution en faveur des droits des personnes trans et en proposant des recommandations&hellip; <br \/> <a class=\"read-more\" href=\"https:\/\/lejournaldesandy.fr\/?p=2968\">Lire la suite<\/a><\/p>\n","protected":false},"author":1,"featured_media":2967,"comment_status":"closed","ping_status":"closed","sticky":false,"template":"","format":"standard","meta":{"_crdt_document":"","_jetpack_memberships_contains_paid_content":false,"footnotes":""},"categories":[17],"tags":[],"class_list":["post-2968","post","type-post","status-publish","format-standard","has-post-thumbnail","hentry","category-articles"],"yoast_head":"<!-- This site is optimized with the Yoast SEO plugin v27.4 - https:\/\/yoast.com\/product\/yoast-seo-wordpress\/ -->\n<title>Droits des personnes transgenres - le journal de Sandy<\/title>\n<meta name=\"robots\" content=\"index, follow, max-snippet:-1, max-image-preview:large, max-video-preview:-1\" \/>\n<link rel=\"canonical\" href=\"https:\/\/lejournaldesandy.fr\/?p=2968\" \/>\n<meta property=\"og:locale\" content=\"fr_FR\" \/>\n<meta property=\"og:type\" content=\"article\" \/>\n<meta property=\"og:title\" content=\"Droits des personnes transgenres - le journal de Sandy\" \/>\n<meta property=\"og:description\" content=\"\u00c0 l\u2019occasion du Mois des Fiert\u00e9s, le 17 juin 2025, la D\u00e9fenseure des droits publie une nouvelle d\u00e9cision-cadre d\u00e9di\u00e9e au respect de l\u2019identit\u00e9 de genre des personnes transgenres.Ce document vient actualiser et enrichir la d\u00e9cision-cadre publi\u00e9e en 2020, en r\u00e9affirmant l\u2019engagement de l\u2019institution en faveur des droits des personnes trans et en proposant des recommandations&hellip; Lire la suite\" \/>\n<meta property=\"og:url\" content=\"https:\/\/lejournaldesandy.fr\/?p=2968\" \/>\n<meta property=\"og:site_name\" content=\"le journal de Sandy\" \/>\n<meta property=\"article:published_time\" content=\"2025-07-17T12:42:17+00:00\" \/>\n<meta property=\"article:modified_time\" content=\"2025-08-07T02:32:53+00:00\" \/>\n<meta property=\"og:image\" content=\"https:\/\/lejournaldesandy.fr\/wp-content\/uploads\/2025\/07\/Droits-des-personnes-transgenres.png\" \/>\n\t<meta property=\"og:image:width\" content=\"1024\" \/>\n\t<meta property=\"og:image:height\" content=\"1024\" \/>\n\t<meta property=\"og:image:type\" content=\"image\/png\" \/>\n<meta name=\"author\" content=\"Sandy\" \/>\n<meta name=\"twitter:card\" content=\"summary_large_image\" \/>\n<meta name=\"twitter:label1\" content=\"\u00c9crit par\" \/>\n\t<meta name=\"twitter:data1\" content=\"Sandy\" \/>\n\t<meta name=\"twitter:label2\" content=\"Dur\u00e9e de lecture estim\u00e9e\" \/>\n\t<meta name=\"twitter:data2\" content=\"1 minute\" \/>\n<script type=\"application\/ld+json\" class=\"yoast-schema-graph\">{\"@context\":\"https:\\\/\\\/schema.org\",\"@graph\":[{\"@type\":\"Article\",\"@id\":\"https:\\\/\\\/lejournaldesandy.fr\\\/?p=2968#article\",\"isPartOf\":{\"@id\":\"https:\\\/\\\/lejournaldesandy.fr\\\/?p=2968\"},\"author\":{\"name\":\"Sandy\",\"@id\":\"https:\\\/\\\/lejournaldesandy.fr\\\/#\\\/schema\\\/person\\\/3ac659e98587e504c234a67a929b1c43\"},\"headline\":\"Droits des personnes transgenres\",\"datePublished\":\"2025-07-17T12:42:17+00:00\",\"dateModified\":\"2025-08-07T02:32:53+00:00\",\"mainEntityOfPage\":{\"@id\":\"https:\\\/\\\/lejournaldesandy.fr\\\/?p=2968\"},\"wordCount\":136,\"publisher\":{\"@id\":\"https:\\\/\\\/lejournaldesandy.fr\\\/#\\\/schema\\\/person\\\/3ac659e98587e504c234a67a929b1c43\"},\"image\":{\"@id\":\"https:\\\/\\\/lejournaldesandy.fr\\\/?p=2968#primaryimage\"},\"thumbnailUrl\":\"https:\\\/\\\/i0.wp.com\\\/lejournaldesandy.fr\\\/wp-content\\\/uploads\\\/2025\\\/07\\\/Droits-des-personnes-transgenres.png?fit=1024%2C1024&ssl=1\",\"articleSection\":[\"Articles\"],\"inLanguage\":\"fr-FR\"},{\"@type\":\"WebPage\",\"@id\":\"https:\\\/\\\/lejournaldesandy.fr\\\/?p=2968\",\"url\":\"https:\\\/\\\/lejournaldesandy.fr\\\/?p=2968\",\"name\":\"Droits des personnes transgenres - le journal de Sandy\",\"isPartOf\":{\"@id\":\"https:\\\/\\\/lejournaldesandy.fr\\\/#website\"},\"primaryImageOfPage\":{\"@id\":\"https:\\\/\\\/lejournaldesandy.fr\\\/?p=2968#primaryimage\"},\"image\":{\"@id\":\"https:\\\/\\\/lejournaldesandy.fr\\\/?p=2968#primaryimage\"},\"thumbnailUrl\":\"https:\\\/\\\/i0.wp.com\\\/lejournaldesandy.fr\\\/wp-content\\\/uploads\\\/2025\\\/07\\\/Droits-des-personnes-transgenres.png?fit=1024%2C1024&ssl=1\",\"datePublished\":\"2025-07-17T12:42:17+00:00\",\"dateModified\":\"2025-08-07T02:32:53+00:00\",\"breadcrumb\":{\"@id\":\"https:\\\/\\\/lejournaldesandy.fr\\\/?p=2968#breadcrumb\"},\"inLanguage\":\"fr-FR\",\"potentialAction\":[{\"@type\":\"ReadAction\",\"target\":[\"https:\\\/\\\/lejournaldesandy.fr\\\/?p=2968\"]}]},{\"@type\":\"ImageObject\",\"inLanguage\":\"fr-FR\",\"@id\":\"https:\\\/\\\/lejournaldesandy.fr\\\/?p=2968#primaryimage\",\"url\":\"https:\\\/\\\/i0.wp.com\\\/lejournaldesandy.fr\\\/wp-content\\\/uploads\\\/2025\\\/07\\\/Droits-des-personnes-transgenres.png?fit=1024%2C1024&ssl=1\",\"contentUrl\":\"https:\\\/\\\/i0.wp.com\\\/lejournaldesandy.fr\\\/wp-content\\\/uploads\\\/2025\\\/07\\\/Droits-des-personnes-transgenres.png?fit=1024%2C1024&ssl=1\",\"width\":1024,\"height\":1024},{\"@type\":\"BreadcrumbList\",\"@id\":\"https:\\\/\\\/lejournaldesandy.fr\\\/?p=2968#breadcrumb\",\"itemListElement\":[{\"@type\":\"ListItem\",\"position\":1,\"name\":\"Accueil\",\"item\":\"https:\\\/\\\/lejournaldesandy.fr\\\/\"},{\"@type\":\"ListItem\",\"position\":2,\"name\":\"Droits des personnes transgenres\"}]},{\"@type\":\"WebSite\",\"@id\":\"https:\\\/\\\/lejournaldesandy.fr\\\/#website\",\"url\":\"https:\\\/\\\/lejournaldesandy.fr\\\/\",\"name\":\"le journal de Sandy\",\"description\":\"biographie; transition; MtF\",\"publisher\":{\"@id\":\"https:\\\/\\\/lejournaldesandy.fr\\\/#\\\/schema\\\/person\\\/3ac659e98587e504c234a67a929b1c43\"},\"potentialAction\":[{\"@type\":\"SearchAction\",\"target\":{\"@type\":\"EntryPoint\",\"urlTemplate\":\"https:\\\/\\\/lejournaldesandy.fr\\\/?s={search_term_string}\"},\"query-input\":{\"@type\":\"PropertyValueSpecification\",\"valueRequired\":true,\"valueName\":\"search_term_string\"}}],\"inLanguage\":\"fr-FR\"},{\"@type\":[\"Person\",\"Organization\"],\"@id\":\"https:\\\/\\\/lejournaldesandy.fr\\\/#\\\/schema\\\/person\\\/3ac659e98587e504c234a67a929b1c43\",\"name\":\"Sandy\",\"image\":{\"@type\":\"ImageObject\",\"inLanguage\":\"fr-FR\",\"@id\":\"https:\\\/\\\/i0.wp.com\\\/lejournaldesandy.fr\\\/wp-content\\\/uploads\\\/2023\\\/12\\\/cropped-Logo-2048-Copie-Petite-Icone-site.png?fit=512%2C512&ssl=1\",\"url\":\"https:\\\/\\\/i0.wp.com\\\/lejournaldesandy.fr\\\/wp-content\\\/uploads\\\/2023\\\/12\\\/cropped-Logo-2048-Copie-Petite-Icone-site.png?fit=512%2C512&ssl=1\",\"contentUrl\":\"https:\\\/\\\/i0.wp.com\\\/lejournaldesandy.fr\\\/wp-content\\\/uploads\\\/2023\\\/12\\\/cropped-Logo-2048-Copie-Petite-Icone-site.png?fit=512%2C512&ssl=1\",\"width\":512,\"height\":512,\"caption\":\"Sandy\"},\"logo\":{\"@id\":\"https:\\\/\\\/i0.wp.com\\\/lejournaldesandy.fr\\\/wp-content\\\/uploads\\\/2023\\\/12\\\/cropped-Logo-2048-Copie-Petite-Icone-site.png?fit=512%2C512&ssl=1\"},\"sameAs\":[\"http:\\\/\\\/lejournaldesandy.fr\"],\"url\":\"https:\\\/\\\/lejournaldesandy.fr\\\/?author=1\"}]}<\/script>\n<!-- \/ Yoast SEO plugin. -->","yoast_head_json":{"title":"Droits des personnes transgenres - le journal de Sandy","robots":{"index":"index","follow":"follow","max-snippet":"max-snippet:-1","max-image-preview":"max-image-preview:large","max-video-preview":"max-video-preview:-1"},"canonical":"https:\/\/lejournaldesandy.fr\/?p=2968","og_locale":"fr_FR","og_type":"article","og_title":"Droits des personnes transgenres - le journal de Sandy","og_description":"\u00c0 l\u2019occasion du Mois des Fiert\u00e9s, le 17 juin 2025, la D\u00e9fenseure des droits publie une nouvelle d\u00e9cision-cadre d\u00e9di\u00e9e au respect de l\u2019identit\u00e9 de genre des personnes transgenres.Ce document vient actualiser et enrichir la d\u00e9cision-cadre publi\u00e9e en 2020, en r\u00e9affirmant l\u2019engagement de l\u2019institution en faveur des droits des personnes trans et en proposant des recommandations&hellip; Lire la suite","og_url":"https:\/\/lejournaldesandy.fr\/?p=2968","og_site_name":"le journal de Sandy","article_published_time":"2025-07-17T12:42:17+00:00","article_modified_time":"2025-08-07T02:32:53+00:00","og_image":[{"width":1024,"height":1024,"url":"https:\/\/lejournaldesandy.fr\/wp-content\/uploads\/2025\/07\/Droits-des-personnes-transgenres.png","type":"image\/png"}],"author":"Sandy","twitter_card":"summary_large_image","twitter_misc":{"\u00c9crit par":"Sandy","Dur\u00e9e de lecture estim\u00e9e":"1 minute"},"schema":{"@context":"https:\/\/schema.org","@graph":[{"@type":"Article","@id":"https:\/\/lejournaldesandy.fr\/?p=2968#article","isPartOf":{"@id":"https:\/\/lejournaldesandy.fr\/?p=2968"},"author":{"name":"Sandy","@id":"https:\/\/lejournaldesandy.fr\/#\/schema\/person\/3ac659e98587e504c234a67a929b1c43"},"headline":"Droits des personnes transgenres","datePublished":"2025-07-17T12:42:17+00:00","dateModified":"2025-08-07T02:32:53+00:00","mainEntityOfPage":{"@id":"https:\/\/lejournaldesandy.fr\/?p=2968"},"wordCount":136,"publisher":{"@id":"https:\/\/lejournaldesandy.fr\/#\/schema\/person\/3ac659e98587e504c234a67a929b1c43"},"image":{"@id":"https:\/\/lejournaldesandy.fr\/?p=2968#primaryimage"},"thumbnailUrl":"https:\/\/i0.wp.com\/lejournaldesandy.fr\/wp-content\/uploads\/2025\/07\/Droits-des-personnes-transgenres.png?fit=1024%2C1024&ssl=1","articleSection":["Articles"],"inLanguage":"fr-FR"},{"@type":"WebPage","@id":"https:\/\/lejournaldesandy.fr\/?p=2968","url":"https:\/\/lejournaldesandy.fr\/?p=2968","name":"Droits des personnes transgenres - le journal de Sandy","isPartOf":{"@id":"https:\/\/lejournaldesandy.fr\/#website"},"primaryImageOfPage":{"@id":"https:\/\/lejournaldesandy.fr\/?p=2968#primaryimage"},"image":{"@id":"https:\/\/lejournaldesandy.fr\/?p=2968#primaryimage"},"thumbnailUrl":"https:\/\/i0.wp.com\/lejournaldesandy.fr\/wp-content\/uploads\/2025\/07\/Droits-des-personnes-transgenres.png?fit=1024%2C1024&ssl=1","datePublished":"2025-07-17T12:42:17+00:00","dateModified":"2025-08-07T02:32:53+00:00","breadcrumb":{"@id":"https:\/\/lejournaldesandy.fr\/?p=2968#breadcrumb"},"inLanguage":"fr-FR","potentialAction":[{"@type":"ReadAction","target":["https:\/\/lejournaldesandy.fr\/?p=2968"]}]},{"@type":"ImageObject","inLanguage":"fr-FR","@id":"https:\/\/lejournaldesandy.fr\/?p=2968#primaryimage","url":"https:\/\/i0.wp.com\/lejournaldesandy.fr\/wp-content\/uploads\/2025\/07\/Droits-des-personnes-transgenres.png?fit=1024%2C1024&ssl=1","contentUrl":"https:\/\/i0.wp.com\/lejournaldesandy.fr\/wp-content\/uploads\/2025\/07\/Droits-des-personnes-transgenres.png?fit=1024%2C1024&ssl=1","width":1024,"height":1024},{"@type":"BreadcrumbList","@id":"https:\/\/lejournaldesandy.fr\/?p=2968#breadcrumb","itemListElement":[{"@type":"ListItem","position":1,"name":"Accueil","item":"https:\/\/lejournaldesandy.fr\/"},{"@type":"ListItem","position":2,"name":"Droits des personnes transgenres"}]},{"@type":"WebSite","@id":"https:\/\/lejournaldesandy.fr\/#website","url":"https:\/\/lejournaldesandy.fr\/","name":"le journal de Sandy","description":"biographie; transition; MtF","publisher":{"@id":"https:\/\/lejournaldesandy.fr\/#\/schema\/person\/3ac659e98587e504c234a67a929b1c43"},"potentialAction":[{"@type":"SearchAction","target":{"@type":"EntryPoint","urlTemplate":"https:\/\/lejournaldesandy.fr\/?s={search_term_string}"},"query-input":{"@type":"PropertyValueSpecification","valueRequired":true,"valueName":"search_term_string"}}],"inLanguage":"fr-FR"},{"@type":["Person","Organization"],"@id":"https:\/\/lejournaldesandy.fr\/#\/schema\/person\/3ac659e98587e504c234a67a929b1c43","name":"Sandy","image":{"@type":"ImageObject","inLanguage":"fr-FR","@id":"https:\/\/i0.wp.com\/lejournaldesandy.fr\/wp-content\/uploads\/2023\/12\/cropped-Logo-2048-Copie-Petite-Icone-site.png?fit=512%2C512&ssl=1","url":"https:\/\/i0.wp.com\/lejournaldesandy.fr\/wp-content\/uploads\/2023\/12\/cropped-Logo-2048-Copie-Petite-Icone-site.png?fit=512%2C512&ssl=1","contentUrl":"https:\/\/i0.wp.com\/lejournaldesandy.fr\/wp-content\/uploads\/2023\/12\/cropped-Logo-2048-Copie-Petite-Icone-site.png?fit=512%2C512&ssl=1","width":512,"height":512,"caption":"Sandy"},"logo":{"@id":"https:\/\/i0.wp.com\/lejournaldesandy.fr\/wp-content\/uploads\/2023\/12\/cropped-Logo-2048-Copie-Petite-Icone-site.png?fit=512%2C512&ssl=1"},"sameAs":["http:\/\/lejournaldesandy.fr"],"url":"https:\/\/lejournaldesandy.fr\/?author=1"}]}},"jetpack_featured_media_url":"https:\/\/i0.wp.com\/lejournaldesandy.fr\/wp-content\/uploads\/2025\/07\/Droits-des-personnes-transgenres.png?fit=1024%2C1024&ssl=1","jetpack_sharing_enabled":true,"jetpack_likes_enabled":true,"_links":{"self":[{"href":"https:\/\/lejournaldesandy.fr\/index.php?rest_route=\/wp\/v2\/posts\/2968","targetHints":{"allow":["GET"]}}],"collection":[{"href":"https:\/\/lejournaldesandy.fr\/index.php?rest_route=\/wp\/v2\/posts"}],"about":[{"href":"https:\/\/lejournaldesandy.fr\/index.php?rest_route=\/wp\/v2\/types\/post"}],"author":[{"embeddable":true,"href":"https:\/\/lejournaldesandy.fr\/index.php?rest_route=\/wp\/v2\/users\/1"}],"replies":[{"embeddable":true,"href":"https:\/\/lejournaldesandy.fr\/index.php?rest_route=%2Fwp%2Fv2%2Fcomments&post=2968"}],"version-history":[{"count":7,"href":"https:\/\/lejournaldesandy.fr\/index.php?rest_route=\/wp\/v2\/posts\/2968\/revisions"}],"predecessor-version":[{"id":3033,"href":"https:\/\/lejournaldesandy.fr\/index.php?rest_route=\/wp\/v2\/posts\/2968\/revisions\/3033"}],"wp:featuredmedia":[{"embeddable":true,"href":"https:\/\/lejournaldesandy.fr\/index.php?rest_route=\/wp\/v2\/media\/2967"}],"wp:attachment":[{"href":"https:\/\/lejournaldesandy.fr\/index.php?rest_route=%2Fwp%2Fv2%2Fmedia&parent=2968"}],"wp:term":[{"taxonomy":"category","embeddable":true,"href":"https:\/\/lejournaldesandy.fr\/index.php?rest_route=%2Fwp%2Fv2%2Fcategories&post=2968"},{"taxonomy":"post_tag","embeddable":true,"href":"https:\/\/lejournaldesandy.fr\/index.php?rest_route=%2Fwp%2Fv2%2Ftags&post=2968"}],"curies":[{"name":"wp","href":"https:\/\/api.w.org\/{rel}","templated":true}]}}