{"id":2977,"date":"2025-07-22T06:50:40","date_gmt":"2025-07-22T04:50:40","guid":{"rendered":"https:\/\/lejournaldesandy.fr\/?p=2977"},"modified":"2025-07-22T06:57:30","modified_gmt":"2025-07-22T04:57:30","slug":"%f0%9f%8c%88-travailler-mieux-ensemble-deux-guides-essentiels-pour-favoriser-linclusion-des-personnes-transgenres","status":"publish","type":"post","link":"https:\/\/lejournaldesandy.fr\/?p=2977","title":{"rendered":"\ud83c\udf08 Travailler Mieux Ensemble : Deux Guides Essentiels pour Favoriser l\u2019Inclusion des Personnes Transgenres"},"content":{"rendered":"\n<p class=\"wp-block-paragraph\"><strong>Deux ressources incontournables \u00e0 t\u00e9l\u00e9charger pour promouvoir un environnement bienveillant, inclusif et respectueux en entreprise et dans le secteur de la sant\u00e9.<\/strong><\/p>\n\n\n\n<h3 class=\"wp-block-heading\">\ud83e\udd1d Pour un Milieu Professionnel Respectueux et Inclusif<\/h3>\n\n\n\n<p class=\"wp-block-paragraph\">L\u2019<strong>Association Nationale des Directeurs des Ressources Humaines (ANDRH)<\/strong> propose un guide pratique \u00e0 l\u2019attention des professionnel\u00b7les des ressources humaines et des responsables d\u2019\u00e9quipe. Ce document a pour objectif de :<\/p>\n\n\n\n<ul class=\"wp-block-list\">\n<li><strong>Accompagner les transitions de genre en milieu professionnel<\/strong> avec respect et discr\u00e9tion ;<\/li>\n\n\n\n<li><strong>Sensibiliser aux r\u00e9alit\u00e9s v\u00e9cues<\/strong> par les personnes transgenres ;<\/li>\n\n\n\n<li><strong>Cr\u00e9er des espaces de travail s\u00e9curisants<\/strong>, bas\u00e9s sur l\u2019\u00e9coute, la bienveillance et l\u2019\u00e9galit\u00e9 de traitement.<\/li>\n<\/ul>\n\n\n\n<p class=\"wp-block-paragraph\">Ce guide apporte des outils concrets, des bonnes pratiques et des recommandations pour construire une culture d\u2019entreprise inclusive, au b\u00e9n\u00e9fice de tou\u00b7tes les collaborateur\u00b7rices.<\/p>\n\n\n\n<p class=\"wp-block-paragraph\">\ud83d\udcc4 <strong>\u2192 T\u00e9l\u00e9charger : [Guide ANDRH \u2013 Milieu professionnel inclusif pour les personnes transgenres]<\/strong><\/p>\n\n\n\n<div data-wp-interactive=\"core\/file\" class=\"wp-block-file\"><object data-wp-bind--hidden=\"!state.hasPdfPreview\" hidden class=\"wp-block-file__embed\" data=\"https:\/\/lejournaldesandy.fr\/wp-content\/uploads\/2025\/07\/2019-03-26_guide-transidentite-andrh-autre-cercle.pdf\" type=\"application\/pdf\" style=\"width:100%;height:600px\" aria-label=\"Contenu embarqu\u00e9 guide-transidentit\u00e9 DRH et manager.\"><\/object><a id=\"wp-block-file--media-aeb8ed2c-8ae4-45c3-ad76-6dd5599a3adb\" href=\"https:\/\/lejournaldesandy.fr\/wp-content\/uploads\/2025\/07\/2019-03-26_guide-transidentite-andrh-autre-cercle.pdf\">guide-transidentit\u00e9 DRH et manager<\/a><a href=\"https:\/\/lejournaldesandy.fr\/wp-content\/uploads\/2025\/07\/2019-03-26_guide-transidentite-andrh-autre-cercle.pdf\" class=\"wp-block-file__button wp-element-button\" download aria-describedby=\"wp-block-file--media-aeb8ed2c-8ae4-45c3-ad76-6dd5599a3adb\">T\u00e9l\u00e9charger<\/a><\/div>\n\n\n\n<hr class=\"wp-block-separator has-alpha-channel-opacity\"\/>\n\n\n\n<h3 class=\"wp-block-heading\">\ud83c\udfe5 Sant\u00e9 et Bien-\u00catre : Une Meilleure Prise en Charge des Personnes Transgenres<\/h3>\n\n\n\n<p class=\"wp-block-paragraph\">Le <strong>Guide n\u00b05 de l\u2019association Chrysalide<\/strong> s\u2019adresse en priorit\u00e9 aux professionnel\u00b7les de sant\u00e9 souhaitant approfondir leurs connaissances et am\u00e9liorer l\u2019accueil des personnes transgenres.<\/p>\n\n\n\n<p class=\"wp-block-paragraph\">Au sommaire :<\/p>\n\n\n\n<ul class=\"wp-block-list\">\n<li><strong>Enjeux de sant\u00e9 sp\u00e9cifiques<\/strong> aux parcours de transition ;<\/li>\n\n\n\n<li><strong>Conseils de communication<\/strong> pour une relation patient\u00b7e-soignant\u00b7e plus sereine ;<\/li>\n\n\n\n<li><strong>Pratiques respectueuses<\/strong> pour une prise en charge globale et bienveillante.<\/li>\n<\/ul>\n\n\n\n<p class=\"wp-block-paragraph\">Ce guide de 20 pages est une ressource essentielle pour tout\u00b7e professionnel\u00b7le engag\u00e9\u00b7e dans une d\u00e9marche de soin inclusive.<\/p>\n\n\n\n<p class=\"wp-block-paragraph\">\ud83d\udcc4 <strong>\u2192 T\u00e9l\u00e9charger : [Guide Chrysalide n\u00b05 \u2013 Sant\u00e9 et personnes transgenres]<\/strong><\/p>\n\n\n\n<div data-wp-interactive=\"core\/file\" class=\"wp-block-file\"><object data-wp-bind--hidden=\"!state.hasPdfPreview\" hidden class=\"wp-block-file__embed\" data=\"https:\/\/lejournaldesandy.fr\/wp-content\/uploads\/2025\/07\/Chrysalide-Guide5.pdf\" type=\"application\/pdf\" style=\"width:100%;height:600px\" aria-label=\"Contenu embarqu\u00e9 Chrysalide-Guide m\u00e9dical.\"><\/object><a id=\"wp-block-file--media-1a995348-6dc7-46e1-a83a-3d8916054c9b\" href=\"https:\/\/lejournaldesandy.fr\/wp-content\/uploads\/2025\/07\/Chrysalide-Guide5.pdf\">Chrysalide-Guide m\u00e9dical<\/a><a href=\"https:\/\/lejournaldesandy.fr\/wp-content\/uploads\/2025\/07\/Chrysalide-Guide5.pdf\" class=\"wp-block-file__button wp-element-button\" download aria-describedby=\"wp-block-file--media-1a995348-6dc7-46e1-a83a-3d8916054c9b\">T\u00e9l\u00e9charger<\/a><\/div>\n\n\n\n<hr class=\"wp-block-separator has-alpha-channel-opacity\"\/>\n\n\n\n<h3 class=\"wp-block-heading\">\ud83c\udf1f Inclusion, Respect, Dignit\u00e9 pour Toutes et Tous<\/h3>\n\n\n\n<p class=\"wp-block-paragraph\">Que vous soyez professionnel\u00b7le de sant\u00e9, RH, manager ou simplement soucieux\u00b7se de contribuer \u00e0 un monde plus juste, ces deux guides vous apporteront des cl\u00e9s pr\u00e9cieuses pour comprendre, agir et transformer vos pratiques.<\/p>\n\n\n\n<p class=\"wp-block-paragraph\">En les mettant \u00e0 disposition, nous affirmons notre volont\u00e9 de <strong>valoriser chaque personne dans sa singularit\u00e9<\/strong>, et de construire ensemble des milieux de travail et de soin <strong>plus humains, plus s\u00fbrs, et plus inclusifs<\/strong>.<\/p>\n","protected":false},"excerpt":{"rendered":"<p>Deux ressources incontournables \u00e0 t\u00e9l\u00e9charger pour promouvoir un environnement bienveillant, inclusif et respectueux en entreprise et dans le secteur de la sant\u00e9. \ud83e\udd1d Pour un Milieu Professionnel Respectueux et Inclusif L\u2019Association Nationale des Directeurs des Ressources Humaines (ANDRH) propose un guide pratique \u00e0 l\u2019attention des professionnel\u00b7les des ressources humaines et des responsables d\u2019\u00e9quipe. Ce document&hellip; <br \/> <a class=\"read-more\" href=\"https:\/\/lejournaldesandy.fr\/?p=2977\">Lire la suite<\/a><\/p>\n","protected":false},"author":1,"featured_media":2979,"comment_status":"closed","ping_status":"closed","sticky":false,"template":"","format":"standard","meta":{"_crdt_document":"","_jetpack_memberships_contains_paid_content":false,"footnotes":""},"categories":[17],"tags":[],"class_list":["post-2977","post","type-post","status-publish","format-standard","has-post-thumbnail","hentry","category-articles"],"yoast_head":"<!-- This site is optimized with the Yoast SEO plugin v27.4 - https:\/\/yoast.com\/product\/yoast-seo-wordpress\/ -->\n<title>\ud83c\udf08 Travailler Mieux Ensemble : Deux Guides Essentiels pour Favoriser l\u2019Inclusion des Personnes Transgenres - le journal de Sandy<\/title>\n<meta name=\"robots\" content=\"index, follow, max-snippet:-1, max-image-preview:large, max-video-preview:-1\" \/>\n<link rel=\"canonical\" href=\"https:\/\/lejournaldesandy.fr\/?p=2977\" \/>\n<meta property=\"og:locale\" content=\"fr_FR\" \/>\n<meta property=\"og:type\" content=\"article\" \/>\n<meta property=\"og:title\" content=\"\ud83c\udf08 Travailler Mieux Ensemble : Deux Guides Essentiels pour Favoriser l\u2019Inclusion des Personnes Transgenres - le journal de Sandy\" \/>\n<meta property=\"og:description\" content=\"Deux ressources incontournables \u00e0 t\u00e9l\u00e9charger pour promouvoir un environnement bienveillant, inclusif et respectueux en entreprise et dans le secteur de la sant\u00e9. \ud83e\udd1d Pour un Milieu Professionnel Respectueux et Inclusif L\u2019Association Nationale des Directeurs des Ressources Humaines (ANDRH) propose un guide pratique \u00e0 l\u2019attention des professionnel\u00b7les des ressources humaines et des responsables d\u2019\u00e9quipe. Ce document&hellip; Lire la suite\" \/>\n<meta property=\"og:url\" content=\"https:\/\/lejournaldesandy.fr\/?p=2977\" \/>\n<meta property=\"og:site_name\" content=\"le journal de Sandy\" \/>\n<meta property=\"article:published_time\" content=\"2025-07-22T04:50:40+00:00\" \/>\n<meta property=\"article:modified_time\" content=\"2025-07-22T04:57:30+00:00\" \/>\n<meta property=\"og:image\" content=\"https:\/\/lejournaldesandy.fr\/wp-content\/uploads\/2025\/07\/inclusion-des-presonnes-trangenre.png\" \/>\n\t<meta property=\"og:image:width\" content=\"1024\" \/>\n\t<meta property=\"og:image:height\" content=\"1024\" \/>\n\t<meta property=\"og:image:type\" content=\"image\/png\" \/>\n<meta name=\"author\" content=\"Sandy\" \/>\n<meta name=\"twitter:card\" content=\"summary_large_image\" \/>\n<meta name=\"twitter:label1\" content=\"\u00c9crit par\" \/>\n\t<meta name=\"twitter:data1\" content=\"Sandy\" \/>\n\t<meta name=\"twitter:label2\" content=\"Dur\u00e9e de lecture estim\u00e9e\" \/>\n\t<meta name=\"twitter:data2\" content=\"2 minutes\" \/>\n<script type=\"application\/ld+json\" class=\"yoast-schema-graph\">{\"@context\":\"https:\\\/\\\/schema.org\",\"@graph\":[{\"@type\":\"Article\",\"@id\":\"https:\\\/\\\/lejournaldesandy.fr\\\/?p=2977#article\",\"isPartOf\":{\"@id\":\"https:\\\/\\\/lejournaldesandy.fr\\\/?p=2977\"},\"author\":{\"name\":\"Sandy\",\"@id\":\"https:\\\/\\\/lejournaldesandy.fr\\\/#\\\/schema\\\/person\\\/3ac659e98587e504c234a67a929b1c43\"},\"headline\":\"\ud83c\udf08 Travailler Mieux Ensemble : Deux Guides Essentiels pour Favoriser l\u2019Inclusion des Personnes Transgenres\",\"datePublished\":\"2025-07-22T04:50:40+00:00\",\"dateModified\":\"2025-07-22T04:57:30+00:00\",\"mainEntityOfPage\":{\"@id\":\"https:\\\/\\\/lejournaldesandy.fr\\\/?p=2977\"},\"wordCount\":354,\"publisher\":{\"@id\":\"https:\\\/\\\/lejournaldesandy.fr\\\/#\\\/schema\\\/person\\\/3ac659e98587e504c234a67a929b1c43\"},\"image\":{\"@id\":\"https:\\\/\\\/lejournaldesandy.fr\\\/?p=2977#primaryimage\"},\"thumbnailUrl\":\"https:\\\/\\\/i0.wp.com\\\/lejournaldesandy.fr\\\/wp-content\\\/uploads\\\/2025\\\/07\\\/inclusion-des-presonnes-trangenre.png?fit=1024%2C1024&ssl=1\",\"articleSection\":[\"Articles\"],\"inLanguage\":\"fr-FR\"},{\"@type\":\"WebPage\",\"@id\":\"https:\\\/\\\/lejournaldesandy.fr\\\/?p=2977\",\"url\":\"https:\\\/\\\/lejournaldesandy.fr\\\/?p=2977\",\"name\":\"\ud83c\udf08 Travailler Mieux Ensemble : Deux Guides Essentiels pour Favoriser l\u2019Inclusion des Personnes Transgenres - le journal de Sandy\",\"isPartOf\":{\"@id\":\"https:\\\/\\\/lejournaldesandy.fr\\\/#website\"},\"primaryImageOfPage\":{\"@id\":\"https:\\\/\\\/lejournaldesandy.fr\\\/?p=2977#primaryimage\"},\"image\":{\"@id\":\"https:\\\/\\\/lejournaldesandy.fr\\\/?p=2977#primaryimage\"},\"thumbnailUrl\":\"https:\\\/\\\/i0.wp.com\\\/lejournaldesandy.fr\\\/wp-content\\\/uploads\\\/2025\\\/07\\\/inclusion-des-presonnes-trangenre.png?fit=1024%2C1024&ssl=1\",\"datePublished\":\"2025-07-22T04:50:40+00:00\",\"dateModified\":\"2025-07-22T04:57:30+00:00\",\"breadcrumb\":{\"@id\":\"https:\\\/\\\/lejournaldesandy.fr\\\/?p=2977#breadcrumb\"},\"inLanguage\":\"fr-FR\",\"potentialAction\":[{\"@type\":\"ReadAction\",\"target\":[\"https:\\\/\\\/lejournaldesandy.fr\\\/?p=2977\"]}]},{\"@type\":\"ImageObject\",\"inLanguage\":\"fr-FR\",\"@id\":\"https:\\\/\\\/lejournaldesandy.fr\\\/?p=2977#primaryimage\",\"url\":\"https:\\\/\\\/i0.wp.com\\\/lejournaldesandy.fr\\\/wp-content\\\/uploads\\\/2025\\\/07\\\/inclusion-des-presonnes-trangenre.png?fit=1024%2C1024&ssl=1\",\"contentUrl\":\"https:\\\/\\\/i0.wp.com\\\/lejournaldesandy.fr\\\/wp-content\\\/uploads\\\/2025\\\/07\\\/inclusion-des-presonnes-trangenre.png?fit=1024%2C1024&ssl=1\",\"width\":1024,\"height\":1024},{\"@type\":\"BreadcrumbList\",\"@id\":\"https:\\\/\\\/lejournaldesandy.fr\\\/?p=2977#breadcrumb\",\"itemListElement\":[{\"@type\":\"ListItem\",\"position\":1,\"name\":\"Accueil\",\"item\":\"https:\\\/\\\/lejournaldesandy.fr\\\/\"},{\"@type\":\"ListItem\",\"position\":2,\"name\":\"\ud83c\udf08 Travailler Mieux Ensemble : Deux Guides Essentiels pour Favoriser l\u2019Inclusion des Personnes Transgenres\"}]},{\"@type\":\"WebSite\",\"@id\":\"https:\\\/\\\/lejournaldesandy.fr\\\/#website\",\"url\":\"https:\\\/\\\/lejournaldesandy.fr\\\/\",\"name\":\"le journal de Sandy\",\"description\":\"biographie; transition; MtF\",\"publisher\":{\"@id\":\"https:\\\/\\\/lejournaldesandy.fr\\\/#\\\/schema\\\/person\\\/3ac659e98587e504c234a67a929b1c43\"},\"potentialAction\":[{\"@type\":\"SearchAction\",\"target\":{\"@type\":\"EntryPoint\",\"urlTemplate\":\"https:\\\/\\\/lejournaldesandy.fr\\\/?s={search_term_string}\"},\"query-input\":{\"@type\":\"PropertyValueSpecification\",\"valueRequired\":true,\"valueName\":\"search_term_string\"}}],\"inLanguage\":\"fr-FR\"},{\"@type\":[\"Person\",\"Organization\"],\"@id\":\"https:\\\/\\\/lejournaldesandy.fr\\\/#\\\/schema\\\/person\\\/3ac659e98587e504c234a67a929b1c43\",\"name\":\"Sandy\",\"image\":{\"@type\":\"ImageObject\",\"inLanguage\":\"fr-FR\",\"@id\":\"https:\\\/\\\/i0.wp.com\\\/lejournaldesandy.fr\\\/wp-content\\\/uploads\\\/2023\\\/12\\\/cropped-Logo-2048-Copie-Petite-Icone-site.png?fit=512%2C512&ssl=1\",\"url\":\"https:\\\/\\\/i0.wp.com\\\/lejournaldesandy.fr\\\/wp-content\\\/uploads\\\/2023\\\/12\\\/cropped-Logo-2048-Copie-Petite-Icone-site.png?fit=512%2C512&ssl=1\",\"contentUrl\":\"https:\\\/\\\/i0.wp.com\\\/lejournaldesandy.fr\\\/wp-content\\\/uploads\\\/2023\\\/12\\\/cropped-Logo-2048-Copie-Petite-Icone-site.png?fit=512%2C512&ssl=1\",\"width\":512,\"height\":512,\"caption\":\"Sandy\"},\"logo\":{\"@id\":\"https:\\\/\\\/i0.wp.com\\\/lejournaldesandy.fr\\\/wp-content\\\/uploads\\\/2023\\\/12\\\/cropped-Logo-2048-Copie-Petite-Icone-site.png?fit=512%2C512&ssl=1\"},\"sameAs\":[\"http:\\\/\\\/lejournaldesandy.fr\"],\"url\":\"https:\\\/\\\/lejournaldesandy.fr\\\/?author=1\"}]}<\/script>\n<!-- \/ Yoast SEO plugin. -->","yoast_head_json":{"title":"\ud83c\udf08 Travailler Mieux Ensemble : Deux Guides Essentiels pour Favoriser l\u2019Inclusion des Personnes Transgenres - le journal de Sandy","robots":{"index":"index","follow":"follow","max-snippet":"max-snippet:-1","max-image-preview":"max-image-preview:large","max-video-preview":"max-video-preview:-1"},"canonical":"https:\/\/lejournaldesandy.fr\/?p=2977","og_locale":"fr_FR","og_type":"article","og_title":"\ud83c\udf08 Travailler Mieux Ensemble : Deux Guides Essentiels pour Favoriser l\u2019Inclusion des Personnes Transgenres - le journal de Sandy","og_description":"Deux ressources incontournables \u00e0 t\u00e9l\u00e9charger pour promouvoir un environnement bienveillant, inclusif et respectueux en entreprise et dans le secteur de la sant\u00e9. \ud83e\udd1d Pour un Milieu Professionnel Respectueux et Inclusif L\u2019Association Nationale des Directeurs des Ressources Humaines (ANDRH) propose un guide pratique \u00e0 l\u2019attention des professionnel\u00b7les des ressources humaines et des responsables d\u2019\u00e9quipe. Ce document&hellip; Lire la suite","og_url":"https:\/\/lejournaldesandy.fr\/?p=2977","og_site_name":"le journal de Sandy","article_published_time":"2025-07-22T04:50:40+00:00","article_modified_time":"2025-07-22T04:57:30+00:00","og_image":[{"width":1024,"height":1024,"url":"https:\/\/lejournaldesandy.fr\/wp-content\/uploads\/2025\/07\/inclusion-des-presonnes-trangenre.png","type":"image\/png"}],"author":"Sandy","twitter_card":"summary_large_image","twitter_misc":{"\u00c9crit par":"Sandy","Dur\u00e9e de lecture estim\u00e9e":"2 minutes"},"schema":{"@context":"https:\/\/schema.org","@graph":[{"@type":"Article","@id":"https:\/\/lejournaldesandy.fr\/?p=2977#article","isPartOf":{"@id":"https:\/\/lejournaldesandy.fr\/?p=2977"},"author":{"name":"Sandy","@id":"https:\/\/lejournaldesandy.fr\/#\/schema\/person\/3ac659e98587e504c234a67a929b1c43"},"headline":"\ud83c\udf08 Travailler Mieux Ensemble : Deux Guides Essentiels pour Favoriser l\u2019Inclusion des Personnes Transgenres","datePublished":"2025-07-22T04:50:40+00:00","dateModified":"2025-07-22T04:57:30+00:00","mainEntityOfPage":{"@id":"https:\/\/lejournaldesandy.fr\/?p=2977"},"wordCount":354,"publisher":{"@id":"https:\/\/lejournaldesandy.fr\/#\/schema\/person\/3ac659e98587e504c234a67a929b1c43"},"image":{"@id":"https:\/\/lejournaldesandy.fr\/?p=2977#primaryimage"},"thumbnailUrl":"https:\/\/i0.wp.com\/lejournaldesandy.fr\/wp-content\/uploads\/2025\/07\/inclusion-des-presonnes-trangenre.png?fit=1024%2C1024&ssl=1","articleSection":["Articles"],"inLanguage":"fr-FR"},{"@type":"WebPage","@id":"https:\/\/lejournaldesandy.fr\/?p=2977","url":"https:\/\/lejournaldesandy.fr\/?p=2977","name":"\ud83c\udf08 Travailler Mieux Ensemble : Deux Guides Essentiels pour Favoriser l\u2019Inclusion des Personnes Transgenres - le journal de Sandy","isPartOf":{"@id":"https:\/\/lejournaldesandy.fr\/#website"},"primaryImageOfPage":{"@id":"https:\/\/lejournaldesandy.fr\/?p=2977#primaryimage"},"image":{"@id":"https:\/\/lejournaldesandy.fr\/?p=2977#primaryimage"},"thumbnailUrl":"https:\/\/i0.wp.com\/lejournaldesandy.fr\/wp-content\/uploads\/2025\/07\/inclusion-des-presonnes-trangenre.png?fit=1024%2C1024&ssl=1","datePublished":"2025-07-22T04:50:40+00:00","dateModified":"2025-07-22T04:57:30+00:00","breadcrumb":{"@id":"https:\/\/lejournaldesandy.fr\/?p=2977#breadcrumb"},"inLanguage":"fr-FR","potentialAction":[{"@type":"ReadAction","target":["https:\/\/lejournaldesandy.fr\/?p=2977"]}]},{"@type":"ImageObject","inLanguage":"fr-FR","@id":"https:\/\/lejournaldesandy.fr\/?p=2977#primaryimage","url":"https:\/\/i0.wp.com\/lejournaldesandy.fr\/wp-content\/uploads\/2025\/07\/inclusion-des-presonnes-trangenre.png?fit=1024%2C1024&ssl=1","contentUrl":"https:\/\/i0.wp.com\/lejournaldesandy.fr\/wp-content\/uploads\/2025\/07\/inclusion-des-presonnes-trangenre.png?fit=1024%2C1024&ssl=1","width":1024,"height":1024},{"@type":"BreadcrumbList","@id":"https:\/\/lejournaldesandy.fr\/?p=2977#breadcrumb","itemListElement":[{"@type":"ListItem","position":1,"name":"Accueil","item":"https:\/\/lejournaldesandy.fr\/"},{"@type":"ListItem","position":2,"name":"\ud83c\udf08 Travailler Mieux Ensemble : Deux Guides Essentiels pour Favoriser l\u2019Inclusion des Personnes Transgenres"}]},{"@type":"WebSite","@id":"https:\/\/lejournaldesandy.fr\/#website","url":"https:\/\/lejournaldesandy.fr\/","name":"le journal de Sandy","description":"biographie; transition; MtF","publisher":{"@id":"https:\/\/lejournaldesandy.fr\/#\/schema\/person\/3ac659e98587e504c234a67a929b1c43"},"potentialAction":[{"@type":"SearchAction","target":{"@type":"EntryPoint","urlTemplate":"https:\/\/lejournaldesandy.fr\/?s={search_term_string}"},"query-input":{"@type":"PropertyValueSpecification","valueRequired":true,"valueName":"search_term_string"}}],"inLanguage":"fr-FR"},{"@type":["Person","Organization"],"@id":"https:\/\/lejournaldesandy.fr\/#\/schema\/person\/3ac659e98587e504c234a67a929b1c43","name":"Sandy","image":{"@type":"ImageObject","inLanguage":"fr-FR","@id":"https:\/\/i0.wp.com\/lejournaldesandy.fr\/wp-content\/uploads\/2023\/12\/cropped-Logo-2048-Copie-Petite-Icone-site.png?fit=512%2C512&ssl=1","url":"https:\/\/i0.wp.com\/lejournaldesandy.fr\/wp-content\/uploads\/2023\/12\/cropped-Logo-2048-Copie-Petite-Icone-site.png?fit=512%2C512&ssl=1","contentUrl":"https:\/\/i0.wp.com\/lejournaldesandy.fr\/wp-content\/uploads\/2023\/12\/cropped-Logo-2048-Copie-Petite-Icone-site.png?fit=512%2C512&ssl=1","width":512,"height":512,"caption":"Sandy"},"logo":{"@id":"https:\/\/i0.wp.com\/lejournaldesandy.fr\/wp-content\/uploads\/2023\/12\/cropped-Logo-2048-Copie-Petite-Icone-site.png?fit=512%2C512&ssl=1"},"sameAs":["http:\/\/lejournaldesandy.fr"],"url":"https:\/\/lejournaldesandy.fr\/?author=1"}]}},"jetpack_featured_media_url":"https:\/\/i0.wp.com\/lejournaldesandy.fr\/wp-content\/uploads\/2025\/07\/inclusion-des-presonnes-trangenre.png?fit=1024%2C1024&ssl=1","jetpack_sharing_enabled":true,"jetpack_likes_enabled":true,"_links":{"self":[{"href":"https:\/\/lejournaldesandy.fr\/index.php?rest_route=\/wp\/v2\/posts\/2977","targetHints":{"allow":["GET"]}}],"collection":[{"href":"https:\/\/lejournaldesandy.fr\/index.php?rest_route=\/wp\/v2\/posts"}],"about":[{"href":"https:\/\/lejournaldesandy.fr\/index.php?rest_route=\/wp\/v2\/types\/post"}],"author":[{"embeddable":true,"href":"https:\/\/lejournaldesandy.fr\/index.php?rest_route=\/wp\/v2\/users\/1"}],"replies":[{"embeddable":true,"href":"https:\/\/lejournaldesandy.fr\/index.php?rest_route=%2Fwp%2Fv2%2Fcomments&post=2977"}],"version-history":[{"count":1,"href":"https:\/\/lejournaldesandy.fr\/index.php?rest_route=\/wp\/v2\/posts\/2977\/revisions"}],"predecessor-version":[{"id":2978,"href":"https:\/\/lejournaldesandy.fr\/index.php?rest_route=\/wp\/v2\/posts\/2977\/revisions\/2978"}],"wp:featuredmedia":[{"embeddable":true,"href":"https:\/\/lejournaldesandy.fr\/index.php?rest_route=\/wp\/v2\/media\/2979"}],"wp:attachment":[{"href":"https:\/\/lejournaldesandy.fr\/index.php?rest_route=%2Fwp%2Fv2%2Fmedia&parent=2977"}],"wp:term":[{"taxonomy":"category","embeddable":true,"href":"https:\/\/lejournaldesandy.fr\/index.php?rest_route=%2Fwp%2Fv2%2Fcategories&post=2977"},{"taxonomy":"post_tag","embeddable":true,"href":"https:\/\/lejournaldesandy.fr\/index.php?rest_route=%2Fwp%2Fv2%2Ftags&post=2977"}],"curies":[{"name":"wp","href":"https:\/\/api.w.org\/{rel}","templated":true}]}}