{"id":2983,"date":"2025-07-24T11:42:29","date_gmt":"2025-07-24T09:42:29","guid":{"rendered":"https:\/\/lejournaldesandy.fr\/?p=2983"},"modified":"2025-07-24T11:42:31","modified_gmt":"2025-07-24T09:42:31","slug":"transition-de-genre-%f0%9f%8f%b3%ef%b8%8f%e2%9a%a7%ef%b8%8f-la-has-publie-les-premieres-recommandations","status":"publish","type":"post","link":"https:\/\/lejournaldesandy.fr\/?p=2983","title":{"rendered":"Transition de genre \ud83c\udff3\ufe0f\u200d\u26a7\ufe0f : la HAS publie les premi\u00e8res recommandations"},"content":{"rendered":"\n<p class=\"wp-block-paragraph\">La Haute Autorit\u00e9 de sant\u00e9 (HAS) publie, \u00e0 la demande du minist\u00e8re de la Sant\u00e9, ses premi\u00e8res recommandations sur la prise en charge m\u00e9dicale des adultes trans souhaitant engager une transition de genre. Destin\u00e9es aux professionnels de sant\u00e9, ces recommandations visent \u00e0 garantir une prise en charge homog\u00e8ne, s\u00e9curis\u00e9e et respectueuse des besoins individuels. Elles mettent l\u2019accent sur l\u2019\u00e9coute, l&rsquo;information et le respect de l\u2019autod\u00e9termination des personnes concern\u00e9es.<\/p>\n\n\n\n<p class=\"wp-block-paragraph\">Une personne trans est d\u00e9finie comme quelqu\u2019un dont le genre v\u00e9cu diff\u00e8re de celui assign\u00e9 \u00e0 la naissance. Le parcours de transition peut inclure des d\u00e9marches sociales, administratives et m\u00e9dicales. Depuis 2018, l\u2019incongruence de genre n\u2019est plus class\u00e9e comme un trouble mental par l\u2019OMS. En France, les soins de transition sont couverts par l\u2019Assurance maladie au titre de l\u2019ALD hors liste, et concernent environ 22 000 personnes en 2023.<\/p>\n\n\n\n<p class=\"wp-block-paragraph\">Cependant, l\u2019acc\u00e8s aux soins reste in\u00e9gal, exposant les personnes trans \u00e0 des risques importants : errance m\u00e9dicale, autom\u00e9dication, troubles psychiques, voire suicide. Le manque de rep\u00e8res pour les professionnels accentue ces difficult\u00e9s. La HAS recommande donc une prise en charge globale, individualis\u00e9e et pluriprofessionnelle, impliquant notamment les m\u00e9decins g\u00e9n\u00e9ralistes, endocrinologues, psychologues, gyn\u00e9cologues ou chirurgiens.<\/p>\n\n\n\n<p class=\"wp-block-paragraph\">Le m\u00e9decin g\u00e9n\u00e9raliste est identifi\u00e9 comme un acteur central, capable d\u2019initier et de coordonner le parcours de soins, y compris la prescription hormonale si form\u00e9. L\u2019\u00e9coute respectueuse, l\u2019usage du pr\u00e9nom et des pronoms choisis, et l\u2019absence de pathologisation de la transidentit\u00e9 sont des principes essentiels.<\/p>\n\n\n\n<p class=\"wp-block-paragraph\">La HAS propose \u00e9galement des rep\u00e8res pour l\u2019\u00e9valuation des demandes de traitements hormonaux ou chirurgicaux, en insistant sur la n\u00e9cessit\u00e9 d\u2019un consentement \u00e9clair\u00e9 et d\u2019une information transparente sur les b\u00e9n\u00e9fices, risques et irr\u00e9versibilit\u00e9 de certains actes.<\/p>\n\n\n\n<p class=\"wp-block-paragraph\">Enfin, la HAS appelle \u00e0 renforcer la formation des professionnels et \u00e0 structurer l\u2019offre de soins. Des recommandations sp\u00e9cifiques aux mineurs sont attendues pour 2026, en raison d\u2019un manque actuel de donn\u00e9es consensuelles.<\/p>\n\n\n\n<p class=\"wp-block-paragraph\"><\/p>\n\n\n\n<p class=\"wp-block-paragraph\">L&rsquo;article complet \u27a1\ufe0f <a href=\"https:\/\/www.has-sante.fr\/jcms\/p_3636602\/fr\/transition-de-genre-la-has-publie-les-premieres-recommandations-sur-la-prise-en-charge-medicale-de-l-adulte\"style=\"color:#FF33ED;\">https:\/\/www.has-sante.fr\/jcms\/p_3636602\/fr\/transition-de-genre-la-has-publie-les-premieres-recommandations-sur-la-prise-en-charge-medicale-de-l-adulte<\/a><\/p>\n","protected":false},"excerpt":{"rendered":"<p>La Haute Autorit\u00e9 de sant\u00e9 (HAS) publie, \u00e0 la demande du minist\u00e8re de la Sant\u00e9, ses premi\u00e8res recommandations sur la prise en charge m\u00e9dicale des adultes trans souhaitant engager une transition de genre. Destin\u00e9es aux professionnels de sant\u00e9, ces recommandations visent \u00e0 garantir une prise en charge homog\u00e8ne, s\u00e9curis\u00e9e et respectueuse des besoins individuels. Elles&hellip; <br \/> <a class=\"read-more\" href=\"https:\/\/lejournaldesandy.fr\/?p=2983\">Lire la suite<\/a><\/p>\n","protected":false},"author":1,"featured_media":2982,"comment_status":"closed","ping_status":"closed","sticky":false,"template":"","format":"standard","meta":{"_crdt_document":"","_jetpack_memberships_contains_paid_content":false,"footnotes":""},"categories":[17],"tags":[],"class_list":["post-2983","post","type-post","status-publish","format-standard","has-post-thumbnail","hentry","category-articles"],"yoast_head":"<!-- This site is optimized with the Yoast SEO plugin v27.4 - https:\/\/yoast.com\/product\/yoast-seo-wordpress\/ -->\n<title>Transition de genre \ud83c\udff3\ufe0f\u200d\u26a7\ufe0f : la HAS publie les premi\u00e8res recommandations - le journal de Sandy<\/title>\n<meta name=\"robots\" content=\"index, follow, max-snippet:-1, max-image-preview:large, max-video-preview:-1\" \/>\n<link rel=\"canonical\" href=\"https:\/\/lejournaldesandy.fr\/?p=2983\" \/>\n<meta property=\"og:locale\" content=\"fr_FR\" \/>\n<meta property=\"og:type\" content=\"article\" \/>\n<meta property=\"og:title\" content=\"Transition de genre \ud83c\udff3\ufe0f\u200d\u26a7\ufe0f : la HAS publie les premi\u00e8res recommandations - le journal de Sandy\" \/>\n<meta property=\"og:description\" content=\"La Haute Autorit\u00e9 de sant\u00e9 (HAS) publie, \u00e0 la demande du minist\u00e8re de la Sant\u00e9, ses premi\u00e8res recommandations sur la prise en charge m\u00e9dicale des adultes trans souhaitant engager une transition de genre. Destin\u00e9es aux professionnels de sant\u00e9, ces recommandations visent \u00e0 garantir une prise en charge homog\u00e8ne, s\u00e9curis\u00e9e et respectueuse des besoins individuels. Elles&hellip; Lire la suite\" \/>\n<meta property=\"og:url\" content=\"https:\/\/lejournaldesandy.fr\/?p=2983\" \/>\n<meta property=\"og:site_name\" content=\"le journal de Sandy\" \/>\n<meta property=\"article:published_time\" content=\"2025-07-24T09:42:29+00:00\" \/>\n<meta property=\"article:modified_time\" content=\"2025-07-24T09:42:31+00:00\" \/>\n<meta property=\"og:image\" content=\"https:\/\/lejournaldesandy.fr\/wp-content\/uploads\/2025\/07\/recommandation-HAS.png\" \/>\n\t<meta property=\"og:image:width\" content=\"1024\" \/>\n\t<meta property=\"og:image:height\" content=\"1024\" \/>\n\t<meta property=\"og:image:type\" content=\"image\/png\" \/>\n<meta name=\"author\" content=\"Sandy\" \/>\n<meta name=\"twitter:card\" content=\"summary_large_image\" \/>\n<meta name=\"twitter:label1\" content=\"\u00c9crit par\" \/>\n\t<meta name=\"twitter:data1\" content=\"Sandy\" \/>\n\t<meta name=\"twitter:label2\" content=\"Dur\u00e9e de lecture estim\u00e9e\" \/>\n\t<meta name=\"twitter:data2\" content=\"2 minutes\" \/>\n<script type=\"application\/ld+json\" class=\"yoast-schema-graph\">{\"@context\":\"https:\\\/\\\/schema.org\",\"@graph\":[{\"@type\":\"Article\",\"@id\":\"https:\\\/\\\/lejournaldesandy.fr\\\/?p=2983#article\",\"isPartOf\":{\"@id\":\"https:\\\/\\\/lejournaldesandy.fr\\\/?p=2983\"},\"author\":{\"name\":\"Sandy\",\"@id\":\"https:\\\/\\\/lejournaldesandy.fr\\\/#\\\/schema\\\/person\\\/3ac659e98587e504c234a67a929b1c43\"},\"headline\":\"Transition de genre \ud83c\udff3\ufe0f\u200d\u26a7\ufe0f : la HAS publie les premi\u00e8res recommandations\",\"datePublished\":\"2025-07-24T09:42:29+00:00\",\"dateModified\":\"2025-07-24T09:42:31+00:00\",\"mainEntityOfPage\":{\"@id\":\"https:\\\/\\\/lejournaldesandy.fr\\\/?p=2983\"},\"wordCount\":371,\"publisher\":{\"@id\":\"https:\\\/\\\/lejournaldesandy.fr\\\/#\\\/schema\\\/person\\\/3ac659e98587e504c234a67a929b1c43\"},\"image\":{\"@id\":\"https:\\\/\\\/lejournaldesandy.fr\\\/?p=2983#primaryimage\"},\"thumbnailUrl\":\"https:\\\/\\\/i0.wp.com\\\/lejournaldesandy.fr\\\/wp-content\\\/uploads\\\/2025\\\/07\\\/recommandation-HAS.png?fit=1024%2C1024&ssl=1\",\"articleSection\":[\"Articles\"],\"inLanguage\":\"fr-FR\"},{\"@type\":\"WebPage\",\"@id\":\"https:\\\/\\\/lejournaldesandy.fr\\\/?p=2983\",\"url\":\"https:\\\/\\\/lejournaldesandy.fr\\\/?p=2983\",\"name\":\"Transition de genre \ud83c\udff3\ufe0f\u200d\u26a7\ufe0f : la HAS publie les premi\u00e8res recommandations - le journal de Sandy\",\"isPartOf\":{\"@id\":\"https:\\\/\\\/lejournaldesandy.fr\\\/#website\"},\"primaryImageOfPage\":{\"@id\":\"https:\\\/\\\/lejournaldesandy.fr\\\/?p=2983#primaryimage\"},\"image\":{\"@id\":\"https:\\\/\\\/lejournaldesandy.fr\\\/?p=2983#primaryimage\"},\"thumbnailUrl\":\"https:\\\/\\\/i0.wp.com\\\/lejournaldesandy.fr\\\/wp-content\\\/uploads\\\/2025\\\/07\\\/recommandation-HAS.png?fit=1024%2C1024&ssl=1\",\"datePublished\":\"2025-07-24T09:42:29+00:00\",\"dateModified\":\"2025-07-24T09:42:31+00:00\",\"breadcrumb\":{\"@id\":\"https:\\\/\\\/lejournaldesandy.fr\\\/?p=2983#breadcrumb\"},\"inLanguage\":\"fr-FR\",\"potentialAction\":[{\"@type\":\"ReadAction\",\"target\":[\"https:\\\/\\\/lejournaldesandy.fr\\\/?p=2983\"]}]},{\"@type\":\"ImageObject\",\"inLanguage\":\"fr-FR\",\"@id\":\"https:\\\/\\\/lejournaldesandy.fr\\\/?p=2983#primaryimage\",\"url\":\"https:\\\/\\\/i0.wp.com\\\/lejournaldesandy.fr\\\/wp-content\\\/uploads\\\/2025\\\/07\\\/recommandation-HAS.png?fit=1024%2C1024&ssl=1\",\"contentUrl\":\"https:\\\/\\\/i0.wp.com\\\/lejournaldesandy.fr\\\/wp-content\\\/uploads\\\/2025\\\/07\\\/recommandation-HAS.png?fit=1024%2C1024&ssl=1\",\"width\":1024,\"height\":1024},{\"@type\":\"BreadcrumbList\",\"@id\":\"https:\\\/\\\/lejournaldesandy.fr\\\/?p=2983#breadcrumb\",\"itemListElement\":[{\"@type\":\"ListItem\",\"position\":1,\"name\":\"Accueil\",\"item\":\"https:\\\/\\\/lejournaldesandy.fr\\\/\"},{\"@type\":\"ListItem\",\"position\":2,\"name\":\"Transition de genre \ud83c\udff3\ufe0f\u200d\u26a7\ufe0f : la HAS publie les premi\u00e8res recommandations\"}]},{\"@type\":\"WebSite\",\"@id\":\"https:\\\/\\\/lejournaldesandy.fr\\\/#website\",\"url\":\"https:\\\/\\\/lejournaldesandy.fr\\\/\",\"name\":\"le journal de Sandy\",\"description\":\"biographie; transition; MtF\",\"publisher\":{\"@id\":\"https:\\\/\\\/lejournaldesandy.fr\\\/#\\\/schema\\\/person\\\/3ac659e98587e504c234a67a929b1c43\"},\"potentialAction\":[{\"@type\":\"SearchAction\",\"target\":{\"@type\":\"EntryPoint\",\"urlTemplate\":\"https:\\\/\\\/lejournaldesandy.fr\\\/?s={search_term_string}\"},\"query-input\":{\"@type\":\"PropertyValueSpecification\",\"valueRequired\":true,\"valueName\":\"search_term_string\"}}],\"inLanguage\":\"fr-FR\"},{\"@type\":[\"Person\",\"Organization\"],\"@id\":\"https:\\\/\\\/lejournaldesandy.fr\\\/#\\\/schema\\\/person\\\/3ac659e98587e504c234a67a929b1c43\",\"name\":\"Sandy\",\"image\":{\"@type\":\"ImageObject\",\"inLanguage\":\"fr-FR\",\"@id\":\"https:\\\/\\\/i0.wp.com\\\/lejournaldesandy.fr\\\/wp-content\\\/uploads\\\/2023\\\/12\\\/cropped-Logo-2048-Copie-Petite-Icone-site.png?fit=512%2C512&ssl=1\",\"url\":\"https:\\\/\\\/i0.wp.com\\\/lejournaldesandy.fr\\\/wp-content\\\/uploads\\\/2023\\\/12\\\/cropped-Logo-2048-Copie-Petite-Icone-site.png?fit=512%2C512&ssl=1\",\"contentUrl\":\"https:\\\/\\\/i0.wp.com\\\/lejournaldesandy.fr\\\/wp-content\\\/uploads\\\/2023\\\/12\\\/cropped-Logo-2048-Copie-Petite-Icone-site.png?fit=512%2C512&ssl=1\",\"width\":512,\"height\":512,\"caption\":\"Sandy\"},\"logo\":{\"@id\":\"https:\\\/\\\/i0.wp.com\\\/lejournaldesandy.fr\\\/wp-content\\\/uploads\\\/2023\\\/12\\\/cropped-Logo-2048-Copie-Petite-Icone-site.png?fit=512%2C512&ssl=1\"},\"sameAs\":[\"http:\\\/\\\/lejournaldesandy.fr\"],\"url\":\"https:\\\/\\\/lejournaldesandy.fr\\\/?author=1\"}]}<\/script>\n<!-- \/ Yoast SEO plugin. -->","yoast_head_json":{"title":"Transition de genre \ud83c\udff3\ufe0f\u200d\u26a7\ufe0f : la HAS publie les premi\u00e8res recommandations - le journal de Sandy","robots":{"index":"index","follow":"follow","max-snippet":"max-snippet:-1","max-image-preview":"max-image-preview:large","max-video-preview":"max-video-preview:-1"},"canonical":"https:\/\/lejournaldesandy.fr\/?p=2983","og_locale":"fr_FR","og_type":"article","og_title":"Transition de genre \ud83c\udff3\ufe0f\u200d\u26a7\ufe0f : la HAS publie les premi\u00e8res recommandations - le journal de Sandy","og_description":"La Haute Autorit\u00e9 de sant\u00e9 (HAS) publie, \u00e0 la demande du minist\u00e8re de la Sant\u00e9, ses premi\u00e8res recommandations sur la prise en charge m\u00e9dicale des adultes trans souhaitant engager une transition de genre. Destin\u00e9es aux professionnels de sant\u00e9, ces recommandations visent \u00e0 garantir une prise en charge homog\u00e8ne, s\u00e9curis\u00e9e et respectueuse des besoins individuels. Elles&hellip; Lire la suite","og_url":"https:\/\/lejournaldesandy.fr\/?p=2983","og_site_name":"le journal de Sandy","article_published_time":"2025-07-24T09:42:29+00:00","article_modified_time":"2025-07-24T09:42:31+00:00","og_image":[{"width":1024,"height":1024,"url":"https:\/\/lejournaldesandy.fr\/wp-content\/uploads\/2025\/07\/recommandation-HAS.png","type":"image\/png"}],"author":"Sandy","twitter_card":"summary_large_image","twitter_misc":{"\u00c9crit par":"Sandy","Dur\u00e9e de lecture estim\u00e9e":"2 minutes"},"schema":{"@context":"https:\/\/schema.org","@graph":[{"@type":"Article","@id":"https:\/\/lejournaldesandy.fr\/?p=2983#article","isPartOf":{"@id":"https:\/\/lejournaldesandy.fr\/?p=2983"},"author":{"name":"Sandy","@id":"https:\/\/lejournaldesandy.fr\/#\/schema\/person\/3ac659e98587e504c234a67a929b1c43"},"headline":"Transition de genre \ud83c\udff3\ufe0f\u200d\u26a7\ufe0f : la HAS publie les premi\u00e8res recommandations","datePublished":"2025-07-24T09:42:29+00:00","dateModified":"2025-07-24T09:42:31+00:00","mainEntityOfPage":{"@id":"https:\/\/lejournaldesandy.fr\/?p=2983"},"wordCount":371,"publisher":{"@id":"https:\/\/lejournaldesandy.fr\/#\/schema\/person\/3ac659e98587e504c234a67a929b1c43"},"image":{"@id":"https:\/\/lejournaldesandy.fr\/?p=2983#primaryimage"},"thumbnailUrl":"https:\/\/i0.wp.com\/lejournaldesandy.fr\/wp-content\/uploads\/2025\/07\/recommandation-HAS.png?fit=1024%2C1024&ssl=1","articleSection":["Articles"],"inLanguage":"fr-FR"},{"@type":"WebPage","@id":"https:\/\/lejournaldesandy.fr\/?p=2983","url":"https:\/\/lejournaldesandy.fr\/?p=2983","name":"Transition de genre \ud83c\udff3\ufe0f\u200d\u26a7\ufe0f : la HAS publie les premi\u00e8res recommandations - le journal de Sandy","isPartOf":{"@id":"https:\/\/lejournaldesandy.fr\/#website"},"primaryImageOfPage":{"@id":"https:\/\/lejournaldesandy.fr\/?p=2983#primaryimage"},"image":{"@id":"https:\/\/lejournaldesandy.fr\/?p=2983#primaryimage"},"thumbnailUrl":"https:\/\/i0.wp.com\/lejournaldesandy.fr\/wp-content\/uploads\/2025\/07\/recommandation-HAS.png?fit=1024%2C1024&ssl=1","datePublished":"2025-07-24T09:42:29+00:00","dateModified":"2025-07-24T09:42:31+00:00","breadcrumb":{"@id":"https:\/\/lejournaldesandy.fr\/?p=2983#breadcrumb"},"inLanguage":"fr-FR","potentialAction":[{"@type":"ReadAction","target":["https:\/\/lejournaldesandy.fr\/?p=2983"]}]},{"@type":"ImageObject","inLanguage":"fr-FR","@id":"https:\/\/lejournaldesandy.fr\/?p=2983#primaryimage","url":"https:\/\/i0.wp.com\/lejournaldesandy.fr\/wp-content\/uploads\/2025\/07\/recommandation-HAS.png?fit=1024%2C1024&ssl=1","contentUrl":"https:\/\/i0.wp.com\/lejournaldesandy.fr\/wp-content\/uploads\/2025\/07\/recommandation-HAS.png?fit=1024%2C1024&ssl=1","width":1024,"height":1024},{"@type":"BreadcrumbList","@id":"https:\/\/lejournaldesandy.fr\/?p=2983#breadcrumb","itemListElement":[{"@type":"ListItem","position":1,"name":"Accueil","item":"https:\/\/lejournaldesandy.fr\/"},{"@type":"ListItem","position":2,"name":"Transition de genre \ud83c\udff3\ufe0f\u200d\u26a7\ufe0f : la HAS publie les premi\u00e8res recommandations"}]},{"@type":"WebSite","@id":"https:\/\/lejournaldesandy.fr\/#website","url":"https:\/\/lejournaldesandy.fr\/","name":"le journal de Sandy","description":"biographie; transition; MtF","publisher":{"@id":"https:\/\/lejournaldesandy.fr\/#\/schema\/person\/3ac659e98587e504c234a67a929b1c43"},"potentialAction":[{"@type":"SearchAction","target":{"@type":"EntryPoint","urlTemplate":"https:\/\/lejournaldesandy.fr\/?s={search_term_string}"},"query-input":{"@type":"PropertyValueSpecification","valueRequired":true,"valueName":"search_term_string"}}],"inLanguage":"fr-FR"},{"@type":["Person","Organization"],"@id":"https:\/\/lejournaldesandy.fr\/#\/schema\/person\/3ac659e98587e504c234a67a929b1c43","name":"Sandy","image":{"@type":"ImageObject","inLanguage":"fr-FR","@id":"https:\/\/i0.wp.com\/lejournaldesandy.fr\/wp-content\/uploads\/2023\/12\/cropped-Logo-2048-Copie-Petite-Icone-site.png?fit=512%2C512&ssl=1","url":"https:\/\/i0.wp.com\/lejournaldesandy.fr\/wp-content\/uploads\/2023\/12\/cropped-Logo-2048-Copie-Petite-Icone-site.png?fit=512%2C512&ssl=1","contentUrl":"https:\/\/i0.wp.com\/lejournaldesandy.fr\/wp-content\/uploads\/2023\/12\/cropped-Logo-2048-Copie-Petite-Icone-site.png?fit=512%2C512&ssl=1","width":512,"height":512,"caption":"Sandy"},"logo":{"@id":"https:\/\/i0.wp.com\/lejournaldesandy.fr\/wp-content\/uploads\/2023\/12\/cropped-Logo-2048-Copie-Petite-Icone-site.png?fit=512%2C512&ssl=1"},"sameAs":["http:\/\/lejournaldesandy.fr"],"url":"https:\/\/lejournaldesandy.fr\/?author=1"}]}},"jetpack_featured_media_url":"https:\/\/i0.wp.com\/lejournaldesandy.fr\/wp-content\/uploads\/2025\/07\/recommandation-HAS.png?fit=1024%2C1024&ssl=1","jetpack_sharing_enabled":true,"jetpack_likes_enabled":true,"_links":{"self":[{"href":"https:\/\/lejournaldesandy.fr\/index.php?rest_route=\/wp\/v2\/posts\/2983","targetHints":{"allow":["GET"]}}],"collection":[{"href":"https:\/\/lejournaldesandy.fr\/index.php?rest_route=\/wp\/v2\/posts"}],"about":[{"href":"https:\/\/lejournaldesandy.fr\/index.php?rest_route=\/wp\/v2\/types\/post"}],"author":[{"embeddable":true,"href":"https:\/\/lejournaldesandy.fr\/index.php?rest_route=\/wp\/v2\/users\/1"}],"replies":[{"embeddable":true,"href":"https:\/\/lejournaldesandy.fr\/index.php?rest_route=%2Fwp%2Fv2%2Fcomments&post=2983"}],"version-history":[{"count":1,"href":"https:\/\/lejournaldesandy.fr\/index.php?rest_route=\/wp\/v2\/posts\/2983\/revisions"}],"predecessor-version":[{"id":2984,"href":"https:\/\/lejournaldesandy.fr\/index.php?rest_route=\/wp\/v2\/posts\/2983\/revisions\/2984"}],"wp:featuredmedia":[{"embeddable":true,"href":"https:\/\/lejournaldesandy.fr\/index.php?rest_route=\/wp\/v2\/media\/2982"}],"wp:attachment":[{"href":"https:\/\/lejournaldesandy.fr\/index.php?rest_route=%2Fwp%2Fv2%2Fmedia&parent=2983"}],"wp:term":[{"taxonomy":"category","embeddable":true,"href":"https:\/\/lejournaldesandy.fr\/index.php?rest_route=%2Fwp%2Fv2%2Fcategories&post=2983"},{"taxonomy":"post_tag","embeddable":true,"href":"https:\/\/lejournaldesandy.fr\/index.php?rest_route=%2Fwp%2Fv2%2Ftags&post=2983"}],"curies":[{"name":"wp","href":"https:\/\/api.w.org\/{rel}","templated":true}]}}