{"id":4886,"date":"2026-04-23T19:20:26","date_gmt":"2026-04-23T17:20:26","guid":{"rendered":"https:\/\/lejournaldesandy.fr\/?p=4886"},"modified":"2026-04-23T19:20:28","modified_gmt":"2026-04-23T17:20:28","slug":"le-paradoxe-familial-des-personnes-lgbt","status":"publish","type":"post","link":"https:\/\/lejournaldesandy.fr\/?p=4886","title":{"rendered":"le paradoxe familial des personnes LGBT+"},"content":{"rendered":"<p>Les violences en milieu familial envers les personnes LGBT+ restent une r\u00e9alit\u00e9 souvent invisible, mais profond\u00e9ment ancr\u00e9e dans de nombreuses soci\u00e9t\u00e9s. Derri\u00e8re les portes closes, ces agressions prennent des formes vari\u00e9es : <strong>rejet, insultes, pressions psychologiques, voire violences physiques.<\/strong> Elles surviennent fr\u00e9quemment au moment du coming out, lorsque l\u2019identit\u00e9 ou l\u2019orientation de la personne entre en conflit avec les valeurs familiales.<\/p>\n<p>En France, une \u00e9tude de l\u2019INED (enqu\u00eate Virage, 2015-2016) estime qu\u2019environ 9 % des personnes LGBT d\u00e9clarent avoir subi des violences dans le cadre familial avant 18 ans .<a href=\"https:\/\/www.ined.fr\/fr\/tout-savoir-population\/focus-sur\/violences-sexuelles-chez-homosexuels-et-bisexuels-diversite-modes\" target=\"_blank\" rel=\"noopener noreferrer\">ined<\/a> Ce chiffre met en lumi\u00e8re une exposition pr\u00e9coce et significative \u00e0 ces violences.<\/p>\n<p><strong>Ces violences sont d\u2019autant plus destructrices qu\u2019elles touchent un espace cens\u00e9 \u00eatre protecteur. La famille, au lieu d\u2019\u00eatre un refuge, devient un lieu d\u2019ins\u00e9curit\u00e9.<\/strong> Cette rupture du lien affectif peut entra\u00eener isolement, anxi\u00e9t\u00e9, d\u00e9pression, voire conduites \u00e0 risque. Chez les jeunes, les cons\u00e9quences sont particuli\u00e8rement graves : certains se retrouvent \u00e0 la rue, priv\u00e9s de soutien mat\u00e9riel et \u00e9motionnel.<\/p>\n<p>Le ph\u00e9nom\u00e8ne s\u2019inscrit dans un contexte culturel plus large o\u00f9 persistent des normes h\u00e9t\u00e9rosexuelles rigides. Dans certaines familles, la pression sociale, religieuse ou communautaire renforce le rejet. <strong>L\u2019agression devient alors un moyen, conscient ou non, de \u00ab corriger \u00bb ou de nier l\u2019identit\u00e9 de la personne concern\u00e9e.<\/strong><\/p>\n<div style=\"background: #EBEBEB; padding: 20px; border-radius: 20px; border: 2px dashed #ff33ed; margin-top: 30px;\">\n<p style=\"margin: 0; font-style: italic;\">Face \u00e0 cette situation, les associations jouent un r\u00f4le essentiel. Elles offrent \u00e9coute, accompagnement juridique et solutions d\u2019h\u00e9bergement d\u2019urgence. Toutefois, leur action reste insuffisante sans un engagement plus large des pouvoirs publics. La pr\u00e9vention, notamment par l\u2019\u00e9ducation et la sensibilisation, appara\u00eet comme un levier fondamental pour faire \u00e9voluer les mentalit\u00e9s<\/p>\n<p style=\"text-align: center !important; margin-top: 15px; font-weight: bold; color: #d63384 !important;\"><strong><em>\u00ab Reconna\u00eetre ces violences, c\u2019est d\u00e9j\u00e0 commencer \u00e0 les combattre<\/em><\/strong><\/p>\n<\/div>\n<p style=\"font-size: 12px; font-style: italic; color: #666666; margin-top: 30px; border-top: 1px solid #eeeeee; padding-top: 10px;\">\n    Cet article a \u00e9t\u00e9 structur\u00e9 avec l&rsquo;assistance d&rsquo;une intelligence artificielle, \u00e0 partir de sources documentaires issues du Web.<\/p>\n","protected":false},"excerpt":{"rendered":"<p>Les violences en milieu familial envers les personnes LGBT+ restent une r\u00e9alit\u00e9 souvent invisible, mais profond\u00e9ment ancr\u00e9e dans de nombreuses soci\u00e9t\u00e9s. Derri\u00e8re les portes closes, ces agressions prennent des formes vari\u00e9es : rejet, insultes, pressions psychologiques, voire violences physiques. Elles surviennent fr\u00e9quemment au moment du coming out, lorsque l\u2019identit\u00e9 ou l\u2019orientation de la personne entre&hellip; <br \/> <a class=\"read-more\" href=\"https:\/\/lejournaldesandy.fr\/?p=4886\">Lire la suite<\/a><\/p>\n","protected":false},"author":1,"featured_media":4888,"comment_status":"closed","ping_status":"closed","sticky":false,"template":"","format":"standard","meta":{"_crdt_document":"{\"document\":\"AAAH7sq2wQKUA+UBBgMCBAIEAhwAbAIGAgQCEEaiCAKIAowKAqgCigWCDqoDBLgLAgS+Afw7nBSkJwMFCgMEVhoCUAUACkJEyCiYKPA0mDoDAt46ojriOqY6AwTqOK44Aw7YLJwsAwzuJ7InAw7QGpQaAwzGF4oXAw7mF5wYDPAMihECyhEEvgGwFsIN7Am8FgMBigQCBAMA0gTAVAIoEKBGkBUDAlYC8lu6WwLeBKwE7AS4BAMIXgQC1AmwCfAJugkDBE4SUhYDDPoWkBUErAF+AwDkIqYj4hKsEgMIXAMAHPYGAwC8BkgDAJYEAwDEB2EIBAIGAgQCghUBBbwnAAUBCNAoAtgMAQACojoBAdo4AQa2DAEFigUBBoIOAQWqAwEGBAEAuAsBAAIEvgEAoAoBA7AQtAQBA9QJtgkBAfYJigoBBcwBAgT2DPgDAQOODAMAwwMoACEBJwAEAIQHJwEoASEBKAInACgBIQAoACcARADEBagABACEDagAxACoAMQAqADEAKgAxACoAMQAqADEAKgAxACoAMQAqADEAKgAxAOoAMQCqADEAKgAxACoAMQAqADEAKgAxACoAMQAqADEAKgAxACoAMQAqADEAKgAxACoAMQAqADEAKgAxACoAMQAqADEAKgAxACoAMQAqADEAKgAxACoAMQAqADEAKgAxACoAMQAqADEAKgAxACoAMQAqADEAKgAxACoAMQAqADEAKgAxACoAMQAqADEAKgAxACoAMQAqADEAKgAxACoAMQAqADEAKgAxACoAMQAqADEAKgAxACoAMQAqADEAKgAxACoAMQAqADEAKgAxACoAMQAqADECagAhACoAIQAqACEBagAoQGoASEBxAWoAKEAqAChAcQAqADEAKgAxACoAMQAqADEAKgAxACoAMQAqAChAsQAqADEAKgAxACoAMQAqADEAKgAxACoAMQAqADEAKgAxACoAMQAqADEAKgAxACoAMQAqADEAKgAxAKoAKECxACoAMQAqADEAKgAxACoAMQAqADEAKgAxACoAKECqADEAqgAoQKo+huIG3N0YXRldmVyc2lvbmRvY3VtZW50ZGF0ZWRvY3VtZW50c3RhdHVzZG9jdW1lbnR0aXRsZUJyb3VpbGxvbiBhdXRvZG9jdW1lbnRjb250ZW50ZG9jdW1lbnRleGNlcnB0ZG9jdW1lbnRhdXRob3Jkb2N1bWVudGZlYXR1cmVkX21lZGlhZG9jdW1lbnRjb21tZW50X3N0YXR1c2RvY3VtZW50cGluZ19zdGF0dXNkb2N1bWVudHN0aWNreWRvY3VtZW50dGVtcGxhdGVkb2N1bWVudGZvcm1hdGRvY3VtZW50bWV0YV9qZXRwYWNrX21lbWJlcnNoaXBzX2NvbnRhaW5zX3BhaWRfY29udGVudGZvb3Rub3Rlc2RvY3VtZW50Y2F0ZWdvcmllc2RvY3VtZW50dGFnc2RvY3VtZW50YmxvY2tzbGUgcGFhZHhlIGZhbWlhIGRlcyBwZXJzbmVzTEdCVCtMZXMgdmlvbGVuY2VzIGVuIG1pbGlldSBmYW1pbGlhbCBlbnZlcnMgbGVzIHBlcnNvbm5lcyBMR0JUKyByZXN0ZW50IHVuZSByw6lhbGl0w6kgc291dmVudCBpbnZpc2libGUsIG1haXMgcHJvZm9uZMOpbWVudCBhbmNyw6llIGRhbnMgZGUgbm9tYnJldXNlcyBzb2Npw6l0w6lzLiBEZXJyacOocmUgbGVzIHBvcnRlcyBjbG9zZXMsIGNlcyBhZ3Jlc3Npb25zIHByZW5uZW50IGRlcyBmb3JtZXMgdmFyacOpZXMgOiByZWpldCwgaW5zdWx0ZXMsIHByZXNzaW9ucyBwc3ljaG9sb2dpcXVlcywgdm9pcmUgdmlvbGVuY2VzIHBoeXNpcXVlcy4gRWxsZXMgc3Vydmllbm5lbnQgZnLDqXF1ZW1tZW50IGF1IG1vbWVudCBkdSBjb21pbmcgb3V0LCBsb3JzcXVlIGzigJlpZGVudGl0w6kgb3UgbOKAmW9yaWVudGF0aW9uIGRlIGxhIHBlcnNvbm5lIGVudHJlIGVuIGNvbmZsaXQgYXZlYyBsZXMgdmFsZXVycyBmYW1pbGlhbGVzLgoKRW4gRnJhbmNlLCB1bmUgw6l0dWRlIGRlIGzigJlJTkVEIChlbnF1w6p0ZSBWaXJhZ2UsIDIwMTUtMjAxNikgZXN0aW1lIHF14oCZZW52aXJvbiA5ICUgZGVzIHBlcnNvbm5lcyBMR0JUIGTDqWNsYXJlbnQgYXZvaXIgc3ViaSBkZXMgdmlvbGVuY2VzIGRhbnMgbGUgY2FkcmUgZmFtaWxpYWwgYXZhbnQgMTggYW5zIC4gQ2UgY2hpZmZyZSBtZXQgZW4gbHVtacOocmUgdW5lIGV4cG9zaXRpb24gcHLDqWNvY2UgZXQgc2lnbmlmaWNhdGl2ZSDDoCBjZXMgdmlvbGVuY2VzLgoKQ2VzIHZpb2xlbmNlcyBzb250IGTigJlhdXRhbnQgcGx1cyBkZXN0cnVjdHJpY2VzIHF14oCZZWxsZXMgdG91Y2hlbnQgdW4gZXNwYWNlIGNlbnPDqSDDqnRyZSBwcm90ZWN0ZXVyLiBMYSBmYW1pbGxlLCBhdSBsaWV1IGTigJnDqnRyZSB1biByZWZ1Z2UsIGRldmllbnQgdW4gbGlldSBk4oCZaW5zw6ljdXJpdMOpLiBDZXR0ZSBydXB0dXJlIGR1IGxpZW4gYWZmZWN0aWYgcGV1dCBlbnRyYcOubmVyIGlzb2xlbWVudCwgYW54acOpdMOpLCBkw6lwcmVzc2lvbiwgdm9pcmUgY29uZHVpdGVzIMOgIHJpc3F1ZS4gQ2hleiBsZXMgamV1bmVzLCBsZXMgY29uc8OpcXVlbmNlcyBzb250IHBhcnRpY3VsacOocmVtZW50IGdyYXZlcyA6IGNlcnRhaW5zIHNlIHJldHJvdXZlbnQgw6AgbGEgcnVlLCBwcml2w6lzIGRlIHNvdXRpZW4gbWF0w6lyaWVsIGV0IMOpbW90aW9ubmVsLgoKTGUgcGjDqW5vbcOobmUgc+KAmWluc2NyaXQgZGFucyB1biBjb250ZXh0ZSBjdWx0dXJlbCBwbHVzIGxhcmdlIG\/DuSBwZXJzaXN0ZW50IGRlcyBub3JtZXMgaMOpdMOpcm9zZXh1ZWxsZXMgcmlnaWRlcy4gRGFucyBjZXJ0YWluZXMgZmFtaWxsZXMsIGxhIHByZXNzaW9uIHNvY2lhbGUsIHJlbGlnaWV1c2Ugb3UgY29tbXVuYXV0YWlyZSByZW5mb3JjZSBsZSByZWpldC4gTOKAmWFncmVzc2lvbiBkZXZpZW50IGFsb3JzIHVuIG1veWVuLCBjb25zY2llbnQgb3Ugbm9uLCBkZSDCqyBjb3JyaWdlciDCuyBvdSBkZSBuaWVyIGzigJlpZGVudGl0w6kgZGUgbGEgcGVyc29ubmUgY29uY2VybsOpZS4KCkZhY2Ugw6AgY2V0dGUgc2l0dWF0aW9uLCBsZXMgYXNzb2NpYXRpb25zIGpvdWVudCB1biByw7RsZSBlc3NlbnRpZWwuIEVsbGVzIG9mZnJlbnQgw6ljb3V0ZSwgYWNjb21wYWduZW1lbnQganVyaWRpcXVlIGV0IHNvbHV0aW9ucyBk4oCZaMOpYmVyZ2VtZW50IGTigJl1cmdlbmNlLiBUb3V0ZWZvaXMsIGxldXIgYWN0aW9uIHJlc3RlIGluc3VmZmlzYW50ZSBzYW5zIHVuIGVuZ2FnZW1lbnQgcGx1cyBsYXJnZSBkZXMgcG91dm9pcnMgcHVibGljcy4gTGEgcHLDqXZlbnRpb24sIG5vdGFtbWVudCBwYXIgbOKAmcOpZHVjYXRpb24gZXQgbGEgc2Vuc2liaWxpc2F0aW9uLCBhcHBhcmHDrnQgY29tbWUgdW4gbGV2aWVyIGZvbmRhbWVudGFsIHBvdXIgZmFpcmUgw6l2b2x1ZXIgbGVzIG1lbnRhbGl0w6lzLgoKUmVjb25uYcOudHJlIGNlcyB2aW9sZW5jZXMsIGPigJllc3QgZMOpasOgIGNvbW1lbmNlciDDoCBsZXMgY29tYmF0dHJlLmluZWRJbmVkL0luZWQ8YSBocmVmPSJodHRwczovL3d3dy5pLmZyL2ZyL3RvdXQtc2F2b2lyLXBvcHVsYXRpb24vZm9jdXMtc3VyL3Zpb2xlbmNlcy1zZXh1ZWxsZXMtY2hlei1ob21vc2V4dWVscy1ldC1iaXNleHVlbHMtZGl2ZXJzaXRlLW1vZGVzInRhcmdldD0iX2JsYW5rIiByZWw9Im5vb3BlbmVyIG5vcmVmZXJyZXIiPmluZWQ8L2E+IDxzdHJvbmc+PC9zdHJvbmc+PHN0cm9uZz48L3N0cm9uZz48c3Ryb25nPjwvc3Ryb25nPjxkaXYgc3R5bGU9ImJhY2tncm91bmQ6ICNmZmQ3ZmI7IHBhZGRpbmc6IDIwcHg7IGJvcmRlci1yYWRpdXM6IDIwcHg7IGJvcmRlcjogMnB4IGRhc2hlZCAjZmYzM2VkOyBtYXJnaW4tdG9wOiAzMHB4OyI+CiAgICAgICAgPHAgc3R5bGU9Im1hcmdpbjogMDsgZm9udC1zdHlsZTogaXRhbGljOyI+PC9wPgoKPHA+SmUgZmVybWUgYXZlYyBiZWF1Y291cCBkJ2h1bWlsaXTDqXMgY2UgY2hhcGl0cmUsIGxhIHN1aXRlLCBxdWFuZCBiaWVuIG3Dqm1lIGNvbXBsaXF1w6ksIHNlcmEgYmllbiBwbHVzIGJlbGxlIMOgIG1lcyB5ZXV4PC9wPjxwIHN0eWxlPSJ0ZXh0LWFsaWduOiBjZW50ZXIgIWltcG9ydGFudDsgbWFyZ2luLXRvcDogMTVweDsgZm9udC13ZWlnaHQ6IGJvbGQ7IGNvbG9yOiAjZDYzMzg0ICFpbXBvcnRhbnQ7Ij48c3Ryb25nPjxlbT7CqyA8L3A+Cgo8cCBzdHlsZT0iZm9udC1zaXplOiAxMnB4OyBmb250LXN0eWxlOiBpdGFsaWM7IGNvbG9yOiAjNjY2NjY2OyBtYXJnaW4tdG9wOiAzMHB4OyBib3JkZXItdG9wOiAxcHggc29saWQgI2VlZWVlZTsgcGFkZGluZy10b3A6IDEwcHg7Ij4KICAgIENldCBhcnRpY2xlIGEgw6l0w6kgc3RydWN0dXLDqSBhdmVjIGwnYXNzaXN0YW5jZSBkJ3VuZSBpbnRlbGxpZ2VuY2UgYXJ0aWZpY2llbGxlLCDDoCBwYXJ0aXIgZGUgc291cmNlcyBkb2N1bWVudGFpcmVzIGlzc3VlcyBkdSBXZWIuCjwvcD5zdGF0ZXNhdmVkQXRzdGF0ZXNhdmVkQnlCREJEQkQKPC9kaXY+PC9lbT48L3N0cm9uZz5FRUUKPC9kaXY+PHBzdHlsZT0iZm9udC1zaXplOjEycHg7IGZvbnQtc3R5bGU6IGl0YWxpYzsgY29sb3I6ICM2NjY2NjY7IG1hcmdpbi10b3A6IDMwcHg7IGJvcmRlci10b3A6IDFweCBzb2xpZCAjZWVlZWVlOyBwYWRkaW5nLXRvcDogMTBweDsiPgogICAgBQcIBAgGCAVBAgIBAgEECAcIBwgGCA4IDggLCAZIAQYIBCoJCAoIBAgGBQIGAgkDBaIDAYQBhgUBlAGlAoEHtQECvAUBAj9BDBaqATNBMRkGiAIFAbcBBLgBAQNBAIQCAQJBAIQCBQcFB0EjAhG0AQ0BAwAAAQkAAQECAAABBEIBAQAOQREFQTgEQSMCQQwCQQYBrQIAfQF9AX0AeXcAdwhzdGFuZGFyZHl3AHUAfZhMf39\/f39\/f39\/f39\/f39\/f39\/f39\/f39\/f39\/f39\/f39\/f39\/f39\/f39\/f39\/f39\/f39\/f39\/f39\/f39\/f39\/f39\/f39\/f39\/f393BmNsb3NlZHUBfRF\/dwZjbG9zZWR\/f39\/f39\/f39\/f39\/f39\/f39\/f39\/f39\/f39\/f39\/f393EzIwMjYtMDQtMjNUMTk6MjA6MTF7QnnbtbPm0AB9rsq2wQJ3B3B1Ymxpc2gBrqXboAFgAQEBAAIABgMDAgYAAQC8DgI\/GAMAswEAAQABAAEAAQABAAEAAQABAAEAAQABAAEAAQABAAEAAQABAAEAAQABAAEAAQABAAEAAQABAAEAAQABAAEAAQABAAEAAQABAAEAAQABAAEAAQABAAEAAQABAAEAAQABAAEAAQABAAEAGQWOAXp8AwEAAYQBiQECAgEBAAEAAQIBAQEAAQABAAEAAQABAAEDAQABAAEAAQABAAEAAQABAAEAAQABAAEAAQABAQMWiAEC\",\"updateId\":935393382}","_jetpack_memberships_contains_paid_content":false,"footnotes":""},"categories":[17],"tags":[],"class_list":["post-4886","post","type-post","status-publish","format-standard","has-post-thumbnail","hentry","category-articles"],"yoast_head":"<!-- This site is optimized with the Yoast SEO plugin v27.4 - https:\/\/yoast.com\/product\/yoast-seo-wordpress\/ -->\n<title>le paradoxe familial des personnes LGBT+ - le journal de Sandy<\/title>\n<meta name=\"robots\" content=\"index, follow, max-snippet:-1, max-image-preview:large, max-video-preview:-1\" \/>\n<link rel=\"canonical\" href=\"https:\/\/lejournaldesandy.fr\/?p=4886\" \/>\n<meta property=\"og:locale\" content=\"fr_FR\" \/>\n<meta property=\"og:type\" content=\"article\" \/>\n<meta property=\"og:title\" content=\"le paradoxe familial des personnes LGBT+ - le journal de Sandy\" \/>\n<meta property=\"og:description\" content=\"Les violences en milieu familial envers les personnes LGBT+ restent une r\u00e9alit\u00e9 souvent invisible, mais profond\u00e9ment ancr\u00e9e dans de nombreuses soci\u00e9t\u00e9s. Derri\u00e8re les portes closes, ces agressions prennent des formes vari\u00e9es : rejet, insultes, pressions psychologiques, voire violences physiques. Elles surviennent fr\u00e9quemment au moment du coming out, lorsque l\u2019identit\u00e9 ou l\u2019orientation de la personne entre&hellip; Lire la suite\" \/>\n<meta property=\"og:url\" content=\"https:\/\/lejournaldesandy.fr\/?p=4886\" \/>\n<meta property=\"og:site_name\" content=\"le journal de Sandy\" \/>\n<meta property=\"article:published_time\" content=\"2026-04-23T17:20:26+00:00\" \/>\n<meta property=\"article:modified_time\" content=\"2026-04-23T17:20:28+00:00\" \/>\n<meta property=\"og:image\" content=\"https:\/\/lejournaldesandy.fr\/wp-content\/uploads\/2026\/04\/le-paradoxe-familial.webp\" \/>\n\t<meta property=\"og:image:width\" content=\"1536\" \/>\n\t<meta property=\"og:image:height\" content=\"1024\" \/>\n\t<meta property=\"og:image:type\" content=\"image\/webp\" \/>\n<meta name=\"author\" content=\"Sandy\" \/>\n<meta name=\"twitter:card\" content=\"summary_large_image\" \/>\n<meta name=\"twitter:label1\" content=\"\u00c9crit par\" \/>\n\t<meta name=\"twitter:data1\" content=\"Sandy\" \/>\n\t<meta name=\"twitter:label2\" content=\"Dur\u00e9e de lecture estim\u00e9e\" \/>\n\t<meta name=\"twitter:data2\" content=\"2 minutes\" \/>\n<script type=\"application\/ld+json\" class=\"yoast-schema-graph\">{\"@context\":\"https:\\\/\\\/schema.org\",\"@graph\":[{\"@type\":\"Article\",\"@id\":\"https:\\\/\\\/lejournaldesandy.fr\\\/?p=4886#article\",\"isPartOf\":{\"@id\":\"https:\\\/\\\/lejournaldesandy.fr\\\/?p=4886\"},\"author\":{\"name\":\"Sandy\",\"@id\":\"https:\\\/\\\/lejournaldesandy.fr\\\/#\\\/schema\\\/person\\\/3ac659e98587e504c234a67a929b1c43\"},\"headline\":\"le paradoxe familial des personnes LGBT+\",\"datePublished\":\"2026-04-23T17:20:26+00:00\",\"dateModified\":\"2026-04-23T17:20:28+00:00\",\"mainEntityOfPage\":{\"@id\":\"https:\\\/\\\/lejournaldesandy.fr\\\/?p=4886\"},\"wordCount\":328,\"publisher\":{\"@id\":\"https:\\\/\\\/lejournaldesandy.fr\\\/#\\\/schema\\\/person\\\/3ac659e98587e504c234a67a929b1c43\"},\"image\":{\"@id\":\"https:\\\/\\\/lejournaldesandy.fr\\\/?p=4886#primaryimage\"},\"thumbnailUrl\":\"https:\\\/\\\/i0.wp.com\\\/lejournaldesandy.fr\\\/wp-content\\\/uploads\\\/2026\\\/04\\\/le-paradoxe-familial.webp?fit=1536%2C1024&ssl=1\",\"articleSection\":[\"Articles\"],\"inLanguage\":\"fr-FR\"},{\"@type\":\"WebPage\",\"@id\":\"https:\\\/\\\/lejournaldesandy.fr\\\/?p=4886\",\"url\":\"https:\\\/\\\/lejournaldesandy.fr\\\/?p=4886\",\"name\":\"le paradoxe familial des personnes LGBT+ - le journal de Sandy\",\"isPartOf\":{\"@id\":\"https:\\\/\\\/lejournaldesandy.fr\\\/#website\"},\"primaryImageOfPage\":{\"@id\":\"https:\\\/\\\/lejournaldesandy.fr\\\/?p=4886#primaryimage\"},\"image\":{\"@id\":\"https:\\\/\\\/lejournaldesandy.fr\\\/?p=4886#primaryimage\"},\"thumbnailUrl\":\"https:\\\/\\\/i0.wp.com\\\/lejournaldesandy.fr\\\/wp-content\\\/uploads\\\/2026\\\/04\\\/le-paradoxe-familial.webp?fit=1536%2C1024&ssl=1\",\"datePublished\":\"2026-04-23T17:20:26+00:00\",\"dateModified\":\"2026-04-23T17:20:28+00:00\",\"breadcrumb\":{\"@id\":\"https:\\\/\\\/lejournaldesandy.fr\\\/?p=4886#breadcrumb\"},\"inLanguage\":\"fr-FR\",\"potentialAction\":[{\"@type\":\"ReadAction\",\"target\":[\"https:\\\/\\\/lejournaldesandy.fr\\\/?p=4886\"]}]},{\"@type\":\"ImageObject\",\"inLanguage\":\"fr-FR\",\"@id\":\"https:\\\/\\\/lejournaldesandy.fr\\\/?p=4886#primaryimage\",\"url\":\"https:\\\/\\\/i0.wp.com\\\/lejournaldesandy.fr\\\/wp-content\\\/uploads\\\/2026\\\/04\\\/le-paradoxe-familial.webp?fit=1536%2C1024&ssl=1\",\"contentUrl\":\"https:\\\/\\\/i0.wp.com\\\/lejournaldesandy.fr\\\/wp-content\\\/uploads\\\/2026\\\/04\\\/le-paradoxe-familial.webp?fit=1536%2C1024&ssl=1\",\"width\":1536,\"height\":1024},{\"@type\":\"BreadcrumbList\",\"@id\":\"https:\\\/\\\/lejournaldesandy.fr\\\/?p=4886#breadcrumb\",\"itemListElement\":[{\"@type\":\"ListItem\",\"position\":1,\"name\":\"Accueil\",\"item\":\"https:\\\/\\\/lejournaldesandy.fr\\\/\"},{\"@type\":\"ListItem\",\"position\":2,\"name\":\"le paradoxe familial des personnes LGBT+\"}]},{\"@type\":\"WebSite\",\"@id\":\"https:\\\/\\\/lejournaldesandy.fr\\\/#website\",\"url\":\"https:\\\/\\\/lejournaldesandy.fr\\\/\",\"name\":\"le journal de Sandy\",\"description\":\"biographie; transition; MtF\",\"publisher\":{\"@id\":\"https:\\\/\\\/lejournaldesandy.fr\\\/#\\\/schema\\\/person\\\/3ac659e98587e504c234a67a929b1c43\"},\"potentialAction\":[{\"@type\":\"SearchAction\",\"target\":{\"@type\":\"EntryPoint\",\"urlTemplate\":\"https:\\\/\\\/lejournaldesandy.fr\\\/?s={search_term_string}\"},\"query-input\":{\"@type\":\"PropertyValueSpecification\",\"valueRequired\":true,\"valueName\":\"search_term_string\"}}],\"inLanguage\":\"fr-FR\"},{\"@type\":[\"Person\",\"Organization\"],\"@id\":\"https:\\\/\\\/lejournaldesandy.fr\\\/#\\\/schema\\\/person\\\/3ac659e98587e504c234a67a929b1c43\",\"name\":\"Sandy\",\"image\":{\"@type\":\"ImageObject\",\"inLanguage\":\"fr-FR\",\"@id\":\"https:\\\/\\\/i0.wp.com\\\/lejournaldesandy.fr\\\/wp-content\\\/uploads\\\/2023\\\/12\\\/cropped-Logo-2048-Copie-Petite-Icone-site.png?fit=512%2C512&ssl=1\",\"url\":\"https:\\\/\\\/i0.wp.com\\\/lejournaldesandy.fr\\\/wp-content\\\/uploads\\\/2023\\\/12\\\/cropped-Logo-2048-Copie-Petite-Icone-site.png?fit=512%2C512&ssl=1\",\"contentUrl\":\"https:\\\/\\\/i0.wp.com\\\/lejournaldesandy.fr\\\/wp-content\\\/uploads\\\/2023\\\/12\\\/cropped-Logo-2048-Copie-Petite-Icone-site.png?fit=512%2C512&ssl=1\",\"width\":512,\"height\":512,\"caption\":\"Sandy\"},\"logo\":{\"@id\":\"https:\\\/\\\/i0.wp.com\\\/lejournaldesandy.fr\\\/wp-content\\\/uploads\\\/2023\\\/12\\\/cropped-Logo-2048-Copie-Petite-Icone-site.png?fit=512%2C512&ssl=1\"},\"sameAs\":[\"http:\\\/\\\/lejournaldesandy.fr\"],\"url\":\"https:\\\/\\\/lejournaldesandy.fr\\\/?author=1\"}]}<\/script>\n<!-- \/ Yoast SEO plugin. -->","yoast_head_json":{"title":"le paradoxe familial des personnes LGBT+ - le journal de Sandy","robots":{"index":"index","follow":"follow","max-snippet":"max-snippet:-1","max-image-preview":"max-image-preview:large","max-video-preview":"max-video-preview:-1"},"canonical":"https:\/\/lejournaldesandy.fr\/?p=4886","og_locale":"fr_FR","og_type":"article","og_title":"le paradoxe familial des personnes LGBT+ - le journal de Sandy","og_description":"Les violences en milieu familial envers les personnes LGBT+ restent une r\u00e9alit\u00e9 souvent invisible, mais profond\u00e9ment ancr\u00e9e dans de nombreuses soci\u00e9t\u00e9s. Derri\u00e8re les portes closes, ces agressions prennent des formes vari\u00e9es : rejet, insultes, pressions psychologiques, voire violences physiques. Elles surviennent fr\u00e9quemment au moment du coming out, lorsque l\u2019identit\u00e9 ou l\u2019orientation de la personne entre&hellip; Lire la suite","og_url":"https:\/\/lejournaldesandy.fr\/?p=4886","og_site_name":"le journal de Sandy","article_published_time":"2026-04-23T17:20:26+00:00","article_modified_time":"2026-04-23T17:20:28+00:00","og_image":[{"width":1536,"height":1024,"url":"https:\/\/lejournaldesandy.fr\/wp-content\/uploads\/2026\/04\/le-paradoxe-familial.webp","type":"image\/webp"}],"author":"Sandy","twitter_card":"summary_large_image","twitter_misc":{"\u00c9crit par":"Sandy","Dur\u00e9e de lecture estim\u00e9e":"2 minutes"},"schema":{"@context":"https:\/\/schema.org","@graph":[{"@type":"Article","@id":"https:\/\/lejournaldesandy.fr\/?p=4886#article","isPartOf":{"@id":"https:\/\/lejournaldesandy.fr\/?p=4886"},"author":{"name":"Sandy","@id":"https:\/\/lejournaldesandy.fr\/#\/schema\/person\/3ac659e98587e504c234a67a929b1c43"},"headline":"le paradoxe familial des personnes LGBT+","datePublished":"2026-04-23T17:20:26+00:00","dateModified":"2026-04-23T17:20:28+00:00","mainEntityOfPage":{"@id":"https:\/\/lejournaldesandy.fr\/?p=4886"},"wordCount":328,"publisher":{"@id":"https:\/\/lejournaldesandy.fr\/#\/schema\/person\/3ac659e98587e504c234a67a929b1c43"},"image":{"@id":"https:\/\/lejournaldesandy.fr\/?p=4886#primaryimage"},"thumbnailUrl":"https:\/\/i0.wp.com\/lejournaldesandy.fr\/wp-content\/uploads\/2026\/04\/le-paradoxe-familial.webp?fit=1536%2C1024&ssl=1","articleSection":["Articles"],"inLanguage":"fr-FR"},{"@type":"WebPage","@id":"https:\/\/lejournaldesandy.fr\/?p=4886","url":"https:\/\/lejournaldesandy.fr\/?p=4886","name":"le paradoxe familial des personnes LGBT+ - le journal de Sandy","isPartOf":{"@id":"https:\/\/lejournaldesandy.fr\/#website"},"primaryImageOfPage":{"@id":"https:\/\/lejournaldesandy.fr\/?p=4886#primaryimage"},"image":{"@id":"https:\/\/lejournaldesandy.fr\/?p=4886#primaryimage"},"thumbnailUrl":"https:\/\/i0.wp.com\/lejournaldesandy.fr\/wp-content\/uploads\/2026\/04\/le-paradoxe-familial.webp?fit=1536%2C1024&ssl=1","datePublished":"2026-04-23T17:20:26+00:00","dateModified":"2026-04-23T17:20:28+00:00","breadcrumb":{"@id":"https:\/\/lejournaldesandy.fr\/?p=4886#breadcrumb"},"inLanguage":"fr-FR","potentialAction":[{"@type":"ReadAction","target":["https:\/\/lejournaldesandy.fr\/?p=4886"]}]},{"@type":"ImageObject","inLanguage":"fr-FR","@id":"https:\/\/lejournaldesandy.fr\/?p=4886#primaryimage","url":"https:\/\/i0.wp.com\/lejournaldesandy.fr\/wp-content\/uploads\/2026\/04\/le-paradoxe-familial.webp?fit=1536%2C1024&ssl=1","contentUrl":"https:\/\/i0.wp.com\/lejournaldesandy.fr\/wp-content\/uploads\/2026\/04\/le-paradoxe-familial.webp?fit=1536%2C1024&ssl=1","width":1536,"height":1024},{"@type":"BreadcrumbList","@id":"https:\/\/lejournaldesandy.fr\/?p=4886#breadcrumb","itemListElement":[{"@type":"ListItem","position":1,"name":"Accueil","item":"https:\/\/lejournaldesandy.fr\/"},{"@type":"ListItem","position":2,"name":"le paradoxe familial des personnes LGBT+"}]},{"@type":"WebSite","@id":"https:\/\/lejournaldesandy.fr\/#website","url":"https:\/\/lejournaldesandy.fr\/","name":"le journal de Sandy","description":"biographie; transition; MtF","publisher":{"@id":"https:\/\/lejournaldesandy.fr\/#\/schema\/person\/3ac659e98587e504c234a67a929b1c43"},"potentialAction":[{"@type":"SearchAction","target":{"@type":"EntryPoint","urlTemplate":"https:\/\/lejournaldesandy.fr\/?s={search_term_string}"},"query-input":{"@type":"PropertyValueSpecification","valueRequired":true,"valueName":"search_term_string"}}],"inLanguage":"fr-FR"},{"@type":["Person","Organization"],"@id":"https:\/\/lejournaldesandy.fr\/#\/schema\/person\/3ac659e98587e504c234a67a929b1c43","name":"Sandy","image":{"@type":"ImageObject","inLanguage":"fr-FR","@id":"https:\/\/i0.wp.com\/lejournaldesandy.fr\/wp-content\/uploads\/2023\/12\/cropped-Logo-2048-Copie-Petite-Icone-site.png?fit=512%2C512&ssl=1","url":"https:\/\/i0.wp.com\/lejournaldesandy.fr\/wp-content\/uploads\/2023\/12\/cropped-Logo-2048-Copie-Petite-Icone-site.png?fit=512%2C512&ssl=1","contentUrl":"https:\/\/i0.wp.com\/lejournaldesandy.fr\/wp-content\/uploads\/2023\/12\/cropped-Logo-2048-Copie-Petite-Icone-site.png?fit=512%2C512&ssl=1","width":512,"height":512,"caption":"Sandy"},"logo":{"@id":"https:\/\/i0.wp.com\/lejournaldesandy.fr\/wp-content\/uploads\/2023\/12\/cropped-Logo-2048-Copie-Petite-Icone-site.png?fit=512%2C512&ssl=1"},"sameAs":["http:\/\/lejournaldesandy.fr"],"url":"https:\/\/lejournaldesandy.fr\/?author=1"}]}},"jetpack_featured_media_url":"https:\/\/i0.wp.com\/lejournaldesandy.fr\/wp-content\/uploads\/2026\/04\/le-paradoxe-familial.webp?fit=1536%2C1024&ssl=1","jetpack_sharing_enabled":true,"jetpack_likes_enabled":true,"_links":{"self":[{"href":"https:\/\/lejournaldesandy.fr\/index.php?rest_route=\/wp\/v2\/posts\/4886","targetHints":{"allow":["GET"]}}],"collection":[{"href":"https:\/\/lejournaldesandy.fr\/index.php?rest_route=\/wp\/v2\/posts"}],"about":[{"href":"https:\/\/lejournaldesandy.fr\/index.php?rest_route=\/wp\/v2\/types\/post"}],"author":[{"embeddable":true,"href":"https:\/\/lejournaldesandy.fr\/index.php?rest_route=\/wp\/v2\/users\/1"}],"replies":[{"embeddable":true,"href":"https:\/\/lejournaldesandy.fr\/index.php?rest_route=%2Fwp%2Fv2%2Fcomments&post=4886"}],"version-history":[{"count":6,"href":"https:\/\/lejournaldesandy.fr\/index.php?rest_route=\/wp\/v2\/posts\/4886\/revisions"}],"predecessor-version":[{"id":4894,"href":"https:\/\/lejournaldesandy.fr\/index.php?rest_route=\/wp\/v2\/posts\/4886\/revisions\/4894"}],"wp:featuredmedia":[{"embeddable":true,"href":"https:\/\/lejournaldesandy.fr\/index.php?rest_route=\/wp\/v2\/media\/4888"}],"wp:attachment":[{"href":"https:\/\/lejournaldesandy.fr\/index.php?rest_route=%2Fwp%2Fv2%2Fmedia&parent=4886"}],"wp:term":[{"taxonomy":"category","embeddable":true,"href":"https:\/\/lejournaldesandy.fr\/index.php?rest_route=%2Fwp%2Fv2%2Fcategories&post=4886"},{"taxonomy":"post_tag","embeddable":true,"href":"https:\/\/lejournaldesandy.fr\/index.php?rest_route=%2Fwp%2Fv2%2Ftags&post=4886"}],"curies":[{"name":"wp","href":"https:\/\/api.w.org\/{rel}","templated":true}]}}